{"id":10102,"date":"2018-07-19T18:32:13","date_gmt":"2018-07-19T16:32:13","guid":{"rendered":"http:\/\/mpfef.gouv.ml\/?p=10102"},"modified":"2018-07-19T23:47:59","modified_gmt":"2018-07-19T21:47:59","slug":"restitution-des-resultats-de-recherche-de-trois-rapports-sur-emploi-informel-et-genre-au-mali","status":"publish","type":"post","link":"http:\/\/mpfef.gouv.ml\/index.php\/2018\/07\/19\/restitution-des-resultats-de-recherche-de-trois-rapports-sur-emploi-informel-et-genre-au-mali\/","title":{"rendered":"Restitution des r\u00e9sultats de recherche de trois rapports sur \u00ab emploi informel et genre au Mali \u00bb"},"content":{"rendered":"<p>La salle multifonctionnelle, espace d\u2019\u00e9changes et de partage\u00a0 du Centre National de Documentation et d\u2019Information sur la Femme et l\u2019Enfant (CNDIFE) a servi de cadre, lundi 9 juillet, \u00e0 la restitution des rapports d\u2019analyse des donn\u00e9es statistiques sensibles au genre qui a produit trois rapports th\u00e9matiques. L\u2019atelier est organis\u00e9 par le Minist\u00e8re de la Promotion de la Femme, de l\u2019Enfant et de la Famille (MPFEF) en partenariat avec la Banque Africaine de D\u00e9veloppement (BAD), \u00e0 travers le projet de renforcement des capacit\u00e9s du CNDIFE en mati\u00e8re de gestion et de communication des donn\u00e9es sur le genre.<\/p>\n<p>Les r\u00e9sultats de recherche de ces trois rapports portent sur\u00a0: \u00ab emploi informel et genre au Mali \u00bb ; \u00ab\u00a0genre et travail domestique non r\u00e9mun\u00e9r\u00e9\u00a0\u00bb ; \u00ab\u00a0violences faites aux femmes dans le district de Bamako et localit\u00e9s environnants\u00a0\u00bb.<\/p>\n<p>L\u2019objectif est d\u2019illustrer les violences des discriminations bas\u00e9es sur le genre \u00e0 l\u2019aide d\u2019un outil de collecte de donne qui devra \u00eatre \u00e9laborer puis test\u00e9 sur le terrain et les donn\u00e9es collect\u00e9s, trait\u00e9 et analys\u00e9e.<\/p>\n<p><strong>CNDIFE<\/strong><\/p>\n","protected":false},"excerpt":{"rendered":"<p>La salle multifonctionnelle, espace d\u2019\u00e9changes et de partage\u00a0 du Centre National de Documentation et d\u2019Information sur la Femme et l\u2019Enfant (CNDIFE) a servi de cadre, lundi 9 juillet, \u00e0 la restitution des rapports d\u2019analyse des donn\u00e9es statistiques sensibles au genre qui a produit trois rapports th\u00e9matiques. L\u2019atelier est organis\u00e9 par le Minist\u00e8re de la Promotion de la Femme,<\/p>\n","protected":false},"author":4,"featured_media":10103,"comment_status":"open","ping_status":"open","sticky":false,"template":"","format":"standard","meta":{"_monsterinsights_skip_tracking":false,"_monsterinsights_sitenote_active":false,"_monsterinsights_sitenote_note":"","_monsterinsights_sitenote_category":0,"footnotes":""},"categories":[1],"tags":[],"class_list":["post-10102","post","type-post","status-publish","format-standard","has-post-thumbnail","hentry","category-actualites"],"aioseo_notices":[],"_links":{"self":[{"href":"http:\/\/mpfef.gouv.ml\/index.php\/wp-json\/wp\/v2\/posts\/10102","targetHints":{"allow":["GET"]}}],"collection":[{"href":"http:\/\/mpfef.gouv.ml\/index.php\/wp-json\/wp\/v2\/posts"}],"about":[{"href":"http:\/\/mpfef.gouv.ml\/index.php\/wp-json\/wp\/v2\/types\/post"}],"author":[{"embeddable":true,"href":"http:\/\/mpfef.gouv.ml\/index.php\/wp-json\/wp\/v2\/users\/4"}],"replies":[{"embeddable":true,"href":"http:\/\/mpfef.gouv.ml\/index.php\/wp-json\/wp\/v2\/comments?post=10102"}],"version-history":[{"count":1,"href":"http:\/\/mpfef.gouv.ml\/index.php\/wp-json\/wp\/v2\/posts\/10102\/revisions"}],"predecessor-version":[{"id":10104,"href":"http:\/\/mpfef.gouv.ml\/index.php\/wp-json\/wp\/v2\/posts\/10102\/revisions\/10104"}],"wp:featuredmedia":[{"embeddable":true,"href":"http:\/\/mpfef.gouv.ml\/index.php\/wp-json\/wp\/v2\/media\/10103"}],"wp:attachment":[{"href":"http:\/\/mpfef.gouv.ml\/index.php\/wp-json\/wp\/v2\/media?parent=10102"}],"wp:term":[{"taxonomy":"category","embeddable":true,"href":"http:\/\/mpfef.gouv.ml\/index.php\/wp-json\/wp\/v2\/categories?post=10102"},{"taxonomy":"post_tag","embeddable":true,"href":"http:\/\/mpfef.gouv.ml\/index.php\/wp-json\/wp\/v2\/tags?post=10102"}],"curies":[{"name":"wp","href":"https:\/\/api.w.org\/{rel}","templated":true}]}}