{"id":10530,"date":"2019-11-11T12:15:17","date_gmt":"2019-11-11T11:15:17","guid":{"rendered":"http:\/\/mpfef.gouv.ml\/?p=10530"},"modified":"2019-11-11T12:15:58","modified_gmt":"2019-11-11T11:15:58","slug":"en-prelude-a-la-journee-internationale-de-la-femme-rurale-couplee-a-la-journee-mondiale-de-lalimentation-la-premiere-dame-recois-les-femmes-rurales-a-koulouba-autour-dun-dejeuner","status":"publish","type":"post","link":"http:\/\/mpfef.gouv.ml\/index.php\/2019\/11\/11\/en-prelude-a-la-journee-internationale-de-la-femme-rurale-couplee-a-la-journee-mondiale-de-lalimentation-la-premiere-dame-recois-les-femmes-rurales-a-koulouba-autour-dun-dejeuner\/","title":{"rendered":"En pr\u00e9lude \u00e0 la Journ\u00e9e Internationale de la Femme Rurale coupl\u00e9e \u00e0 la Journ\u00e9e Mondiale de l\u2019Alimentation, la Premi\u00e8re Dame re\u00e7ois les Femmes Rurales \u00e0 Koulouba autour d\u2019un d\u00e9jeuner"},"content":{"rendered":"<p>En pr\u00e9lude \u00e0 la Journ\u00e9e Internationale de la Femme Rurale coupl\u00e9e \u00e0 la Journ\u00e9e Mondiale de l\u2019Alimentation, la Premi\u00e8re Dame re\u00e7ois les Femmes Rurales \u00e0 Koulouba autour d\u2019un d\u00e9jeuner<\/p>\n<p><img loading=\"lazy\" decoding=\"async\" class=\"alignleft size-medium wp-image-10533\" src=\"http:\/\/mpfef.gouv.ml\/wp-content\/uploads\/2019\/11\/jifr02-300x218.jpg\" alt=\"\" width=\"300\" height=\"218\" srcset=\"http:\/\/mpfef.gouv.ml\/wp-content\/uploads\/2019\/11\/jifr02-300x218.jpg 300w, http:\/\/mpfef.gouv.ml\/wp-content\/uploads\/2019\/11\/jifr02.jpg 597w\" sizes=\"auto, (max-width: 300px) 100vw, 300px\" \/>A l\u2019initiative de la Ministre de la Promotion de la Femme, de l\u2019Enfant et de la Famille,<br \/>\nDocteur Diakit\u00e9 A\u00efssata Kassa Traor\u00e9, la Premi\u00e8re Dame, Madame Keita Aminata Ma\u00efga a offert un\u00a0 d\u00e9jeuner le lundi 14 Octobre 2019 \u00e0 une centaine de femmes rurales venues des diff\u00e9rentes R\u00e9gions du Mali.<\/p>\n<p>C\u2019est dans une atmosph\u00e8re conviviale, rythm\u00e9e par la Kora de Balla Tounkara et de l\u2019artiste Kodj\u00e8 Traor\u00e9 que l\u2019\u00e9pouse du pr\u00e9sident de la R\u00e9publique, Madame K\u00e9ita Aminata Ma\u00efga\u00a0 a fait son entr\u00e9e dans la salle de banquet du palais pr\u00e9sidentiel, accompagn\u00e9e de Docteur Diakit\u00e9 A\u00efssata Kassa Traor\u00e9.<\/p>\n<p>La Premi\u00e8re Dame a souhait\u00e9 la bienvenue \u00e0 ses remarquables h\u00f4tes du jour, les remercia pour avoir r\u00e9pondu \u00e0 l\u2019invitation. Ensuite elle indiqua que ce d\u00e9jeuner \u00e0 Koulouba ne rev\u00eat aucun caract\u00e8re extraordinaire, le Palais de Koulouba \u00e9tant un patrimoine commun. Enfin pour terminer son intervention, elle\u00a0 a demand\u00e9 aux femmes rurales de cultiver l\u2019esprit de paix,\u00a0 de coh\u00e9sion sociale, d\u2019entrepreneuriat et le sens du partage parce qu\u2019il est ind\u00e9niable que les femmes constituent le socle de tout d\u00e9veloppement.<\/p>\n<p>Quant \u00e0 la pr\u00e9sidente des femmes rurales du Mali, Madame Niagat\u00e9 Goundo Kamissoko, elle a d\u2019abord remerci\u00e9 Madame la Premi\u00e8re Dame ainsi que Madame la Ministre de la Promotion de la Femme, de l\u2019Enfant et de la Famille pour cette initiative. Ensuite elles s\u2019est\u00a0 glorifi\u00e9 des acquis obtenus par les femmes notamment\u00a0 la d\u00e9cision ayant abouti \u00e0 l\u2019octroi de 15% de terres cultivables aux femmes ainsi que la loi instituant 15% de d\u00e9volution des postes \u00e9lectifs et nominatifs aux\u00a0 femmes.<\/p>\n<p><img loading=\"lazy\" decoding=\"async\" class=\"alignleft size-medium wp-image-10531\" src=\"http:\/\/mpfef.gouv.ml\/wp-content\/uploads\/2019\/11\/jifr00-300x203.jpg\" alt=\"\" width=\"300\" height=\"203\" srcset=\"http:\/\/mpfef.gouv.ml\/wp-content\/uploads\/2019\/11\/jifr00-300x203.jpg 300w, http:\/\/mpfef.gouv.ml\/wp-content\/uploads\/2019\/11\/jifr00-400x270.jpg 400w, http:\/\/mpfef.gouv.ml\/wp-content\/uploads\/2019\/11\/jifr00.jpg 459w\" sizes=\"auto, (max-width: 300px) 100vw, 300px\" \/>\u00a0\u00a0\u00a0\u00a0\u00a0\u00a0\u00a0\u00a0\u00a0 La Ministre de la Promotion de la femme, de l\u2019enfant et de la famille, Docteur Diakit\u00e9 A\u00efssata Kassa Traor\u00e9, pour sa part, s\u2019est r\u00e9jouie, de cette rencontre,\u00a0 l\u2019ouverture d\u2019esprit de Madame K\u00e9ita Aminata Ma\u00efga et son combat en faveur de l\u2019autonomisation de la Malienne. Madame la Ministre a saisi cette occasion pour rappeler les efforts du gouvernement en faveur des femmes visant \u00e0 concr\u00e9tiser leur autonomisation sur toute l\u2019\u00e9tendue du territoire. Pour terminer, elle a exhort\u00e9 les femmes \u00e0 serrer la ceinture pour m\u00e9riter la place qui leur est r\u00e9serv\u00e9e.<\/p>\n<p>En guise de reconnaissance et de marque d\u2019estime, les femmes rurales ont offert \u00e0 l\u2019\u00e9pouse du pr\u00e9sident de la R\u00e9publique un tableau et du beurre de karit\u00e9, produit de leurs activit\u00e9s g\u00e9n\u00e9ratrices de revenus. Madame K\u00e9ita Aminata Ma\u00efga, \u00e0 son tour \u00e0 offert un cadeau symbolique \u00e0 chaque personne de la d\u00e9l\u00e9gation.<\/p>\n<p>&nbsp;<\/p>\n","protected":false},"excerpt":{"rendered":"<p>En pr\u00e9lude \u00e0 la Journ\u00e9e Internationale de la Femme Rurale coupl\u00e9e \u00e0 la Journ\u00e9e Mondiale de l\u2019Alimentation, la Premi\u00e8re Dame re\u00e7ois les Femmes Rurales \u00e0 Koulouba autour d\u2019un d\u00e9jeuner<\/p>\n<p>A l\u2019initiative de la Ministre de la Promotion de la Femme, de l\u2019Enfant et de la Famille,<br \/>\nDocteur Diakit\u00e9 A\u00efssata Kassa Traor\u00e9, la Premi\u00e8re Dame,<\/p>\n","protected":false},"author":4,"featured_media":10532,"comment_status":"open","ping_status":"open","sticky":false,"template":"","format":"standard","meta":{"_monsterinsights_skip_tracking":false,"_monsterinsights_sitenote_active":false,"_monsterinsights_sitenote_note":"","_monsterinsights_sitenote_category":0,"footnotes":""},"categories":[1],"tags":[],"class_list":["post-10530","post","type-post","status-publish","format-standard","has-post-thumbnail","hentry","category-actualites"],"aioseo_notices":[],"_links":{"self":[{"href":"http:\/\/mpfef.gouv.ml\/index.php\/wp-json\/wp\/v2\/posts\/10530","targetHints":{"allow":["GET"]}}],"collection":[{"href":"http:\/\/mpfef.gouv.ml\/index.php\/wp-json\/wp\/v2\/posts"}],"about":[{"href":"http:\/\/mpfef.gouv.ml\/index.php\/wp-json\/wp\/v2\/types\/post"}],"author":[{"embeddable":true,"href":"http:\/\/mpfef.gouv.ml\/index.php\/wp-json\/wp\/v2\/users\/4"}],"replies":[{"embeddable":true,"href":"http:\/\/mpfef.gouv.ml\/index.php\/wp-json\/wp\/v2\/comments?post=10530"}],"version-history":[{"count":1,"href":"http:\/\/mpfef.gouv.ml\/index.php\/wp-json\/wp\/v2\/posts\/10530\/revisions"}],"predecessor-version":[{"id":10534,"href":"http:\/\/mpfef.gouv.ml\/index.php\/wp-json\/wp\/v2\/posts\/10530\/revisions\/10534"}],"wp:featuredmedia":[{"embeddable":true,"href":"http:\/\/mpfef.gouv.ml\/index.php\/wp-json\/wp\/v2\/media\/10532"}],"wp:attachment":[{"href":"http:\/\/mpfef.gouv.ml\/index.php\/wp-json\/wp\/v2\/media?parent=10530"}],"wp:term":[{"taxonomy":"category","embeddable":true,"href":"http:\/\/mpfef.gouv.ml\/index.php\/wp-json\/wp\/v2\/categories?post=10530"},{"taxonomy":"post_tag","embeddable":true,"href":"http:\/\/mpfef.gouv.ml\/index.php\/wp-json\/wp\/v2\/tags?post=10530"}],"curies":[{"name":"wp","href":"https:\/\/api.w.org\/{rel}","templated":true}]}}