{"id":11029,"date":"2023-08-22T15:08:52","date_gmt":"2023-08-22T13:08:52","guid":{"rendered":"https:\/\/mpfef.gouv.ml\/?p=11029"},"modified":"2023-08-22T15:08:52","modified_gmt":"2023-08-22T13:08:52","slug":"le-ministre-de-la-promotion-de-la-femme-de-lenfant-et-de-la-famille-a-recu-en-audience-ce-jeudi-17-aout-2023-une-delegation-du-reseau-des-femmes-operateurs-economiques-du-mali-rfoem","status":"publish","type":"post","link":"http:\/\/mpfef.gouv.ml\/index.php\/2023\/08\/22\/le-ministre-de-la-promotion-de-la-femme-de-lenfant-et-de-la-famille-a-recu-en-audience-ce-jeudi-17-aout-2023-une-delegation-du-reseau-des-femmes-operateurs-economiques-du-mali-rfoem\/","title":{"rendered":"Le Ministre de la Promotion de la Femme, de l&rsquo;Enfant et de la Famille, a re\u00e7u en audience ce jeudi 17 ao\u00fbt 2023 une d\u00e9l\u00e9gation du R\u00e9seau des Femmes Op\u00e9rateurs \u00c9conomiques du Mali (RFOEM)"},"content":{"rendered":"<p>Le Ministre de la Promotion de la Femme, de l&rsquo;Enfant et de la Famille, Dr COULIBALY Mariam MAIGA, a re\u00e7u en audience ce jeudi 17 ao\u00fbt 2023 une d\u00e9l\u00e9gation du R\u00e9seau des Femmes Op\u00e9rateurs \u00c9conomiques du Mali (RFOEM) conduite par sa pr\u00e9sidente Mme Coulibaly Aissata TOUR\u00c9.<\/p>\n<p>Cette rencontre s&rsquo;inscrit dans le cadre d&rsquo;une prise de contact entre les deux structures, une occasion de passer en revue les rapports de collaboration fructueux existants.<br \/>\nIls ont \u00e9galement analys\u00e9 la probl\u00e9matique de l&rsquo;autonomisation des femmes du Mali.<\/p>\n<p>CCOM &#8211; MPFEF<\/p>\n<p><img loading=\"lazy\" decoding=\"async\" class=\"alignleft size-medium wp-image-11035\" src=\"http:\/\/mpfef.gouv.ml\/wp-content\/uploads\/2023\/08\/photo1692706904-1-300x200.jpeg\" alt=\"\" width=\"300\" height=\"200\" srcset=\"http:\/\/mpfef.gouv.ml\/wp-content\/uploads\/2023\/08\/photo1692706904-1-300x200.jpeg 300w, http:\/\/mpfef.gouv.ml\/wp-content\/uploads\/2023\/08\/photo1692706904-1-1024x682.jpeg 1024w, http:\/\/mpfef.gouv.ml\/wp-content\/uploads\/2023\/08\/photo1692706904-1-768x512.jpeg 768w, http:\/\/mpfef.gouv.ml\/wp-content\/uploads\/2023\/08\/photo1692706904-1.jpeg 1280w\" sizes=\"auto, (max-width: 300px) 100vw, 300px\" \/> <img loading=\"lazy\" decoding=\"async\" class=\"alignleft size-medium wp-image-11034\" src=\"http:\/\/mpfef.gouv.ml\/wp-content\/uploads\/2023\/08\/photo1692706904-2-300x200.jpeg\" alt=\"\" width=\"300\" height=\"200\" srcset=\"http:\/\/mpfef.gouv.ml\/wp-content\/uploads\/2023\/08\/photo1692706904-2-300x200.jpeg 300w, http:\/\/mpfef.gouv.ml\/wp-content\/uploads\/2023\/08\/photo1692706904-2-1024x682.jpeg 1024w, http:\/\/mpfef.gouv.ml\/wp-content\/uploads\/2023\/08\/photo1692706904-2-768x512.jpeg 768w, http:\/\/mpfef.gouv.ml\/wp-content\/uploads\/2023\/08\/photo1692706904-2.jpeg 1280w\" sizes=\"auto, (max-width: 300px) 100vw, 300px\" \/><\/p>\n","protected":false},"excerpt":{"rendered":"<p>Le Ministre de la Promotion de la Femme, de l&rsquo;Enfant et de la Famille, Dr COULIBALY Mariam MAIGA, a re\u00e7u en audience ce jeudi 17 ao\u00fbt 2023 une d\u00e9l\u00e9gation du R\u00e9seau des Femmes Op\u00e9rateurs \u00c9conomiques du Mali (RFOEM) conduite par sa pr\u00e9sidente Mme Coulibaly Aissata TOUR\u00c9.<\/p>\n<p>Cette rencontre s&rsquo;inscrit dans le cadre d&rsquo;une prise de contact entre les deux structures,<\/p>\n","protected":false},"author":4,"featured_media":11036,"comment_status":"open","ping_status":"open","sticky":false,"template":"","format":"standard","meta":{"_monsterinsights_skip_tracking":false,"_monsterinsights_sitenote_active":false,"_monsterinsights_sitenote_note":"","_monsterinsights_sitenote_category":0,"footnotes":""},"categories":[1],"tags":[],"class_list":["post-11029","post","type-post","status-publish","format-standard","has-post-thumbnail","hentry","category-actualites"],"aioseo_notices":[],"_links":{"self":[{"href":"http:\/\/mpfef.gouv.ml\/index.php\/wp-json\/wp\/v2\/posts\/11029","targetHints":{"allow":["GET"]}}],"collection":[{"href":"http:\/\/mpfef.gouv.ml\/index.php\/wp-json\/wp\/v2\/posts"}],"about":[{"href":"http:\/\/mpfef.gouv.ml\/index.php\/wp-json\/wp\/v2\/types\/post"}],"author":[{"embeddable":true,"href":"http:\/\/mpfef.gouv.ml\/index.php\/wp-json\/wp\/v2\/users\/4"}],"replies":[{"embeddable":true,"href":"http:\/\/mpfef.gouv.ml\/index.php\/wp-json\/wp\/v2\/comments?post=11029"}],"version-history":[{"count":1,"href":"http:\/\/mpfef.gouv.ml\/index.php\/wp-json\/wp\/v2\/posts\/11029\/revisions"}],"predecessor-version":[{"id":11037,"href":"http:\/\/mpfef.gouv.ml\/index.php\/wp-json\/wp\/v2\/posts\/11029\/revisions\/11037"}],"wp:featuredmedia":[{"embeddable":true,"href":"http:\/\/mpfef.gouv.ml\/index.php\/wp-json\/wp\/v2\/media\/11036"}],"wp:attachment":[{"href":"http:\/\/mpfef.gouv.ml\/index.php\/wp-json\/wp\/v2\/media?parent=11029"}],"wp:term":[{"taxonomy":"category","embeddable":true,"href":"http:\/\/mpfef.gouv.ml\/index.php\/wp-json\/wp\/v2\/categories?post=11029"},{"taxonomy":"post_tag","embeddable":true,"href":"http:\/\/mpfef.gouv.ml\/index.php\/wp-json\/wp\/v2\/tags?post=11029"}],"curies":[{"name":"wp","href":"https:\/\/api.w.org\/{rel}","templated":true}]}}