{"id":11044,"date":"2023-10-12T20:29:32","date_gmt":"2023-10-12T18:29:32","guid":{"rendered":"https:\/\/mpfef.gouv.ml\/?p=11044"},"modified":"2023-10-13T15:58:33","modified_gmt":"2023-10-13T13:58:33","slug":"la-journee-internationale-de-la-fille-sous-le-theme-national-intitule-pour-la-refondation-du-mali-les-filles-comptent","status":"publish","type":"post","link":"http:\/\/mpfef.gouv.ml\/index.php\/2023\/10\/12\/la-journee-internationale-de-la-fille-sous-le-theme-national-intitule-pour-la-refondation-du-mali-les-filles-comptent\/","title":{"rendered":"C\u00e9l\u00e9bration de la Journ\u00e9e internationale de la Fille sous le th\u00e8me national intitul\u00e9 \u00ab Pour la refondation du Mali, les filles comptent \u00bb."},"content":{"rendered":"<p>A l\u2019instar de la communaut\u00e9 internationale, le Mali a c\u00e9l\u00e9br\u00e9, hier au Centre International de Conf\u00e9rences de Bamako, la Journ\u00e9e internationale de la Fille sous le th\u00e8me national intitul\u00e9 \u00ab Pour la refondation du mali, les filles comptent \u00bb.Initi\u00e9e par le Minist\u00e8re de la Promotion de la Femme de l&rsquo;Enfant et la Famille, la c\u00e9r\u00e9monie officielle de comm\u00e9moration de la Journ\u00e9e internationale de la fille a \u00e9t\u00e9 pr\u00e9sid\u00e9e par le Premier ministre Dr Choguel Kokalla MAIGA en pr\u00e9sence des membres du gouvernement dont le Ministre de la Promotion de la Femme, de l\u2019Enfant et de la Famille, Dr COULIBALY Mariam MAIGA.<br \/>\nL&rsquo;objectif de cette journ\u00e9e est d\u2019inviter les autorit\u00e9s et les communaut\u00e9s \u00e0 porter une attention \u00e0 la situation des filles, reconnaitre leurs droits, identifier et corriger les obstacles qui affectent leur plein \u00e9panouissement<br \/>\nPour le Ministre de la Promotion de la Femme, de l\u2019Enfant et de la Famille, Dr COULIBALY Mariam MAIGA, le th\u00e8me national t\u00e9moigne de l\u2019investissement des autorit\u00e9s et des partenaires pour une participation de qualit\u00e9 des enfants au vaste chantier de la refondation avec comme socle l\u2019\u00e9ducation aux valeurs socioculturelles. Elle a aussi annonc\u00e9 que la Journ\u00e9e sera c\u00e9l\u00e9br\u00e9e pendant une semaine, d\u2019o\u00f9 \u00abla semaine des filles de la refondation\u00bb.<br \/>\nLe chef du Gouvernement, Dr Choguel Kokalla MAIGA, a rappel\u00e9 que les questions des droits de l\u2019homme et surtout de l\u2019enfant sont des priorit\u00e9s pour les autorit\u00e9s. Il a ensuite invit\u00e9 les enfants \u00e0 s\u2019acquitter de leurs devoirs envers les parents et le pays.<br \/>\nCCOM-MPFEF<\/p>\n<p><img loading=\"lazy\" decoding=\"async\" class=\"alignleft size-medium wp-image-11046\" src=\"http:\/\/mpfef.gouv.ml\/wp-content\/uploads\/2023\/10\/FB_IMG_1697134827035-300x200.jpg\" alt=\"\" width=\"300\" height=\"200\" srcset=\"http:\/\/mpfef.gouv.ml\/wp-content\/uploads\/2023\/10\/FB_IMG_1697134827035-300x200.jpg 300w, http:\/\/mpfef.gouv.ml\/wp-content\/uploads\/2023\/10\/FB_IMG_1697134827035-768x512.jpg 768w, http:\/\/mpfef.gouv.ml\/wp-content\/uploads\/2023\/10\/FB_IMG_1697134827035.jpg 1024w\" sizes=\"auto, (max-width: 300px) 100vw, 300px\" \/> <img loading=\"lazy\" decoding=\"async\" class=\"alignleft size-medium wp-image-11047\" src=\"http:\/\/mpfef.gouv.ml\/wp-content\/uploads\/2023\/10\/FB_IMG_1697134824168-300x200.jpg\" alt=\"\" width=\"300\" height=\"200\" srcset=\"http:\/\/mpfef.gouv.ml\/wp-content\/uploads\/2023\/10\/FB_IMG_1697134824168-300x200.jpg 300w, http:\/\/mpfef.gouv.ml\/wp-content\/uploads\/2023\/10\/FB_IMG_1697134824168-768x512.jpg 768w, http:\/\/mpfef.gouv.ml\/wp-content\/uploads\/2023\/10\/FB_IMG_1697134824168.jpg 1024w\" sizes=\"auto, (max-width: 300px) 100vw, 300px\" \/> <img loading=\"lazy\" decoding=\"async\" class=\"alignleft size-medium wp-image-11048\" src=\"http:\/\/mpfef.gouv.ml\/wp-content\/uploads\/2023\/10\/FB_IMG_1697134817933-300x200.jpg\" alt=\"\" width=\"300\" height=\"200\" srcset=\"http:\/\/mpfef.gouv.ml\/wp-content\/uploads\/2023\/10\/FB_IMG_1697134817933-300x200.jpg 300w, http:\/\/mpfef.gouv.ml\/wp-content\/uploads\/2023\/10\/FB_IMG_1697134817933-768x512.jpg 768w, http:\/\/mpfef.gouv.ml\/wp-content\/uploads\/2023\/10\/FB_IMG_1697134817933.jpg 1024w\" sizes=\"auto, (max-width: 300px) 100vw, 300px\" \/> <img loading=\"lazy\" decoding=\"async\" class=\"alignleft size-medium wp-image-11049\" src=\"http:\/\/mpfef.gouv.ml\/wp-content\/uploads\/2023\/10\/FB_IMG_1697134815250-300x200.jpg\" alt=\"\" width=\"300\" height=\"200\" srcset=\"http:\/\/mpfef.gouv.ml\/wp-content\/uploads\/2023\/10\/FB_IMG_1697134815250-300x200.jpg 300w, http:\/\/mpfef.gouv.ml\/wp-content\/uploads\/2023\/10\/FB_IMG_1697134815250-768x512.jpg 768w, http:\/\/mpfef.gouv.ml\/wp-content\/uploads\/2023\/10\/FB_IMG_1697134815250.jpg 1024w\" sizes=\"auto, (max-width: 300px) 100vw, 300px\" \/> <img loading=\"lazy\" decoding=\"async\" class=\"alignleft size-medium wp-image-11050\" src=\"http:\/\/mpfef.gouv.ml\/wp-content\/uploads\/2023\/10\/FB_IMG_1697134812504-1-300x200.jpg\" alt=\"\" width=\"300\" height=\"200\" srcset=\"http:\/\/mpfef.gouv.ml\/wp-content\/uploads\/2023\/10\/FB_IMG_1697134812504-1-300x200.jpg 300w, http:\/\/mpfef.gouv.ml\/wp-content\/uploads\/2023\/10\/FB_IMG_1697134812504-1-768x512.jpg 768w, http:\/\/mpfef.gouv.ml\/wp-content\/uploads\/2023\/10\/FB_IMG_1697134812504-1.jpg 1024w\" sizes=\"auto, (max-width: 300px) 100vw, 300px\" \/><\/p>\n","protected":false},"excerpt":{"rendered":"<p>A l\u2019instar de la communaut\u00e9 internationale, le Mali a c\u00e9l\u00e9br\u00e9, hier au Centre International de Conf\u00e9rences de Bamako, la Journ\u00e9e internationale de la Fille sous le th\u00e8me national intitul\u00e9 \u00ab Pour la refondation du mali, les filles comptent \u00bb.Initi\u00e9e par le Minist\u00e8re de la Promotion de la Femme de l&rsquo;Enfant et la Famille, la c\u00e9r\u00e9monie officielle de comm\u00e9moration de la Journ\u00e9e internationale de la fille a \u00e9t\u00e9 pr\u00e9sid\u00e9e par le Premier ministre Dr Choguel Kokalla MAIGA en pr\u00e9sence des membres du gouvernement dont le Ministre de la Promotion de la Femme,<\/p>\n","protected":false},"author":4,"featured_media":11045,"comment_status":"open","ping_status":"open","sticky":false,"template":"","format":"standard","meta":{"_monsterinsights_skip_tracking":false,"_monsterinsights_sitenote_active":false,"_monsterinsights_sitenote_note":"","_monsterinsights_sitenote_category":0,"footnotes":""},"categories":[1,2],"tags":[],"class_list":["post-11044","post","type-post","status-publish","format-standard","has-post-thumbnail","hentry","category-actualites","category-actualites-des-structures"],"aioseo_notices":[],"_links":{"self":[{"href":"http:\/\/mpfef.gouv.ml\/index.php\/wp-json\/wp\/v2\/posts\/11044","targetHints":{"allow":["GET"]}}],"collection":[{"href":"http:\/\/mpfef.gouv.ml\/index.php\/wp-json\/wp\/v2\/posts"}],"about":[{"href":"http:\/\/mpfef.gouv.ml\/index.php\/wp-json\/wp\/v2\/types\/post"}],"author":[{"embeddable":true,"href":"http:\/\/mpfef.gouv.ml\/index.php\/wp-json\/wp\/v2\/users\/4"}],"replies":[{"embeddable":true,"href":"http:\/\/mpfef.gouv.ml\/index.php\/wp-json\/wp\/v2\/comments?post=11044"}],"version-history":[{"count":3,"href":"http:\/\/mpfef.gouv.ml\/index.php\/wp-json\/wp\/v2\/posts\/11044\/revisions"}],"predecessor-version":[{"id":11080,"href":"http:\/\/mpfef.gouv.ml\/index.php\/wp-json\/wp\/v2\/posts\/11044\/revisions\/11080"}],"wp:featuredmedia":[{"embeddable":true,"href":"http:\/\/mpfef.gouv.ml\/index.php\/wp-json\/wp\/v2\/media\/11045"}],"wp:attachment":[{"href":"http:\/\/mpfef.gouv.ml\/index.php\/wp-json\/wp\/v2\/media?parent=11044"}],"wp:term":[{"taxonomy":"category","embeddable":true,"href":"http:\/\/mpfef.gouv.ml\/index.php\/wp-json\/wp\/v2\/categories?post=11044"},{"taxonomy":"post_tag","embeddable":true,"href":"http:\/\/mpfef.gouv.ml\/index.php\/wp-json\/wp\/v2\/tags?post=11044"}],"curies":[{"name":"wp","href":"https:\/\/api.w.org\/{rel}","templated":true}]}}