{"id":11321,"date":"2024-11-15T11:48:27","date_gmt":"2024-11-15T10:48:27","guid":{"rendered":"https:\/\/mpfef.gouv.ml\/?p=11321"},"modified":"2024-11-15T11:48:27","modified_gmt":"2024-11-15T10:48:27","slug":"an-i-de-la-reprise-de-kidal-par-les-famas-les-femmes-du-mali-se-mobilisent","status":"publish","type":"post","link":"http:\/\/mpfef.gouv.ml\/index.php\/2024\/11\/15\/an-i-de-la-reprise-de-kidal-par-les-famas-les-femmes-du-mali-se-mobilisent\/","title":{"rendered":"An I de la reprise de Kidal par les FAMAs : LES FEMMES DU MALI SE MOBILISENT"},"content":{"rendered":"<p>Les femmes du Mali se sont fortement mobilis\u00e9es, le jeudi 14 novembre 2024, \u00e0 travers le pays, pour manifester leur accompagnement et soutien aux autorit\u00e9s de la Transition en particulier et celles des forces arm\u00e9es et de s\u00e9curit\u00e9s du Mali dans le cadre du premier anniversaire de la reprise de Kidal par les FAMAs.<br \/>\nIl faut rappeler que le 14 novembre 2023, les premiers \u00e9l\u00e9ments des forces arm\u00e9es et de s\u00e9curit\u00e9s ont fait leur entr\u00e9e \u00e0 Kidal apr\u00e8s plus d\u2019une dizaine d\u2019ann\u00e9es d\u2019absence. Cette entr\u00e9e a \u00e9t\u00e9 salu\u00e9e par la population malienne toute enti\u00e8re. Pour comm\u00e9morer cette date historique, ce jeudi 14 novembre 2024 \u00e0 Bamako, des Associations et Organisations f\u00e9minines tr\u00e8s motiv\u00e9es ont pris d\u2019assaut le monument de la Paix pour soutenir les FAMAs et la Paix. Cette caravane se situe dans le cadre de la c\u00e9l\u00e9bration de l\u2019an I de la reprise de la ville de Kidal par les FAMA. C\u2019\u00e9tait aussi une mani\u00e8re pour elle de renforcer l\u2019\u00e9lan patriotique envers leur pays mais aussi est un acte de reconnaissance et de profonde gratitude envers les famas.<br \/>\nLe Ministre de la Promotion de la Femme, de l\u2019Enfant et de la Famille, Dr COULIBALY Mariam MAIGA \u00e9tait accompagn\u00e9e de ses coll\u00e8gues de la R\u00e9conciliation nationale, de la Paix et de la Coh\u00e9sion sociale, le G\u00e9n\u00e9ral Isma\u00ebl WAGUE et celui des Affaires religieuses et des cultes, Dr Mahamadou KONE<br \/>\nDr COULIBALY Mariam MAIGA a dans son intervention invit\u00e9 les populations de l&rsquo;int\u00e9rieur comme de l&rsquo;ext\u00e9rieur et l&rsquo;ensemble des forces vives du \u00e0 la coh\u00e9sion, \u00e0 la s\u00e9r\u00e9nit\u00e9, \u00e0 la vigilance, au sursaut patriotique et \u00e0 rester toujours mobilis\u00e9es derri\u00e8re les autorit\u00e9s de la transition, en ces moments d\u00e9cisifs de notre histoire. En initiant cette caravane-meeting des femmes du Mali pour le soutien aux famas et \u00e0 la paix en collaboration avec les organisations de la soci\u00e9t\u00e9 civile, Dr COULIBALY Mariam MAIGA a soulign\u00e9 que son d\u00e9partement entend magnifier ce jour qui a inscrit une nouvelle page et date dans l\u2019histoire du Mali \u00e0 savoir, le 14 novembre 2023, date de la reprise de la r\u00e9gion de Kidal. Elle souligne ensuite que cette c\u00e9r\u00e9monie est symbole de reconnaissance \u00e0 ceux qui ont bataill\u00e9 nuit et jour, contre vents et mar\u00e9es pour lib\u00e9rer des populations qui ont souffert le martyr pendant 11 longues ann\u00e9es, mais elle est aussi le symbole de la reconnaissance pour toutes les batailles engag\u00e9es ou gagn\u00e9es au centre, au nord et un peu partout sur le territoire du Mali. Elle refl\u00e8te la solidarit\u00e9 et la d\u00e9termination du peuple malien tout entier, notamment, les femmes du Mali \u00e0 faire face \u00e0 l\u2019adversit\u00e9, tout en rendant hommage \u00e0 sa vaillante arm\u00e9e et ces femmes et hommes qui ont suffisamment d\u00e9montrer que pour lutter contre le terrorisme, le banditisme organis\u00e9, l\u2019ennemi du bien ; pour assurer la s\u00e9curit\u00e9 du Mali et de la nation malienne aucun sacrifice n\u2019est de trop.<br \/>\n\u00ab Aujourd\u2019hui plus que jamais, la responsabilit\u00e9 des femmes est d\u00e9terminante dans la s\u00e9curisation et la stabilisation du pays et de tout l\u2019espace AES via leurs soutiens imp\u00e9ratif \u00e0 l\u2019outil de d\u00e9fense et de s\u00e9curit\u00e9 \u00bb a-t-elle indiqu\u00e9e.<br \/>\nDr COULIBALY Mariam MAIGA a ensuite expliqu\u00e9 que cette caravane- meeting, r\u00e9alis\u00e9e sur quatre axes convergeant vers le monument de la paix pour le district de Bamako et centr\u00e9\u00e9 sur des messages et slogans, des interventions de soutien aux FAMA, \u00e0 la paix, \u00e0 la coh\u00e9sion et la r\u00e9conciliation nationale, d\u00e9montrent \u00e0 suffisance que les femmes du Mali, \u00e0 l\u2019image de nos m\u00e8res guerri\u00e8res sommes \u00e9galement conscientes du r\u00f4le qu\u2019elles doivent continuer de jouer pour la sauvegarde de notre patrie, pour la construction d\u2019un nouveau Mali \u00e9prit de paix, de justice.<br \/>\nElle a enfin rassur\u00e9e les Femmes du Mali que leur geste est appr\u00e9ci\u00e9 par les autorit\u00e9s \u00e0 sa juste valeur car elles sont entrain de r\u00e9it\u00e9rer les r\u00f4les et responsabilit\u00e9s que les femmes peuvent et doivent jouer pour une \u00e9mancipation nationale et surtout pour une s\u00e9curisation et pacification de l\u2019espace de Alliance des Etats du Sahel AES face aux d\u00e9fis et enjeux g\u00e9opolitiques du moment.<br \/>\nPour terminer, le chef du d\u00e9partement de la promotion de la Femme, Dr COULIBALY Mariam MAIGA a invit\u00e9 les femmes \u00e0 \u00eatre combatives, productives, car ces engagement et actions peuvent certainement conduire au d\u00e9veloppement \u00e9conomique avant de souligner qu\u2019\u00e0 travers cette mobilisation, les femmes du Mali r\u00e9it\u00e8rent leurs soutien ind\u00e9fectible \u00e0 Son Excellence le G\u00e9n\u00e9ral d\u2019arm\u00e9e Assimi GOITA l\u2019encourage \u00e0 poursuivre toutes initiatives pour la r\u00e9ussite de la Transitions et pour la qu\u00eate permanente de la Souverainet\u00e9 de notre pays.<br \/>\nCCOM\/MPFEF<\/p>\n<p><img loading=\"lazy\" decoding=\"async\" class=\"alignleft size-medium wp-image-11322\" src=\"http:\/\/mpfef.gouv.ml\/wp-content\/uploads\/2024\/11\/FB_IMG_1731667148461-300x200.jpg\" alt=\"\" width=\"300\" height=\"200\" srcset=\"http:\/\/mpfef.gouv.ml\/wp-content\/uploads\/2024\/11\/FB_IMG_1731667148461-300x200.jpg 300w, http:\/\/mpfef.gouv.ml\/wp-content\/uploads\/2024\/11\/FB_IMG_1731667148461.jpg 720w\" sizes=\"auto, (max-width: 300px) 100vw, 300px\" \/> <img loading=\"lazy\" decoding=\"async\" class=\"alignleft size-medium wp-image-11323\" src=\"http:\/\/mpfef.gouv.ml\/wp-content\/uploads\/2024\/11\/FB_IMG_1731667132814-300x200.jpg\" alt=\"\" width=\"300\" height=\"200\" srcset=\"http:\/\/mpfef.gouv.ml\/wp-content\/uploads\/2024\/11\/FB_IMG_1731667132814-300x200.jpg 300w, http:\/\/mpfef.gouv.ml\/wp-content\/uploads\/2024\/11\/FB_IMG_1731667132814.jpg 720w\" sizes=\"auto, (max-width: 300px) 100vw, 300px\" \/> <img loading=\"lazy\" decoding=\"async\" class=\"alignleft size-medium wp-image-11324\" src=\"http:\/\/mpfef.gouv.ml\/wp-content\/uploads\/2024\/11\/FB_IMG_1731667127836-300x200.jpg\" alt=\"\" width=\"300\" height=\"200\" srcset=\"http:\/\/mpfef.gouv.ml\/wp-content\/uploads\/2024\/11\/FB_IMG_1731667127836-300x200.jpg 300w, http:\/\/mpfef.gouv.ml\/wp-content\/uploads\/2024\/11\/FB_IMG_1731667127836.jpg 720w\" sizes=\"auto, (max-width: 300px) 100vw, 300px\" \/> <img loading=\"lazy\" decoding=\"async\" class=\"alignleft size-medium wp-image-11325\" src=\"http:\/\/mpfef.gouv.ml\/wp-content\/uploads\/2024\/11\/FB_IMG_1731667121217-300x200.jpg\" alt=\"\" width=\"300\" height=\"200\" srcset=\"http:\/\/mpfef.gouv.ml\/wp-content\/uploads\/2024\/11\/FB_IMG_1731667121217-300x200.jpg 300w, http:\/\/mpfef.gouv.ml\/wp-content\/uploads\/2024\/11\/FB_IMG_1731667121217.jpg 720w\" sizes=\"auto, (max-width: 300px) 100vw, 300px\" \/> <img loading=\"lazy\" decoding=\"async\" class=\"alignleft size-medium wp-image-11326\" src=\"http:\/\/mpfef.gouv.ml\/wp-content\/uploads\/2024\/11\/FB_IMG_1731667098340-300x200.jpg\" alt=\"\" width=\"300\" height=\"200\" srcset=\"http:\/\/mpfef.gouv.ml\/wp-content\/uploads\/2024\/11\/FB_IMG_1731667098340-300x200.jpg 300w, http:\/\/mpfef.gouv.ml\/wp-content\/uploads\/2024\/11\/FB_IMG_1731667098340.jpg 720w\" sizes=\"auto, (max-width: 300px) 100vw, 300px\" \/> <img loading=\"lazy\" decoding=\"async\" class=\"alignleft size-medium wp-image-11327\" src=\"http:\/\/mpfef.gouv.ml\/wp-content\/uploads\/2024\/11\/FB_IMG_1731667116669-300x200.jpg\" alt=\"\" width=\"300\" height=\"200\" srcset=\"http:\/\/mpfef.gouv.ml\/wp-content\/uploads\/2024\/11\/FB_IMG_1731667116669-300x200.jpg 300w, http:\/\/mpfef.gouv.ml\/wp-content\/uploads\/2024\/11\/FB_IMG_1731667116669.jpg 720w\" sizes=\"auto, (max-width: 300px) 100vw, 300px\" \/><\/p>\n","protected":false},"excerpt":{"rendered":"<p>Les femmes du Mali se sont fortement mobilis\u00e9es, le jeudi 14 novembre 2024, \u00e0 travers le pays, pour manifester leur accompagnement et soutien aux autorit\u00e9s de la Transition en particulier et celles des forces arm\u00e9es et de s\u00e9curit\u00e9s du Mali dans le cadre du premier anniversaire de la reprise de Kidal par les FAMAs.<br \/>\nIl faut rappeler que le 14 novembre 2023,<\/p>\n","protected":false},"author":4,"featured_media":11326,"comment_status":"open","ping_status":"open","sticky":false,"template":"","format":"standard","meta":{"_monsterinsights_skip_tracking":false,"_monsterinsights_sitenote_active":false,"_monsterinsights_sitenote_note":"","_monsterinsights_sitenote_category":0,"footnotes":""},"categories":[1],"tags":[],"class_list":["post-11321","post","type-post","status-publish","format-standard","has-post-thumbnail","hentry","category-actualites"],"aioseo_notices":[],"_links":{"self":[{"href":"http:\/\/mpfef.gouv.ml\/index.php\/wp-json\/wp\/v2\/posts\/11321","targetHints":{"allow":["GET"]}}],"collection":[{"href":"http:\/\/mpfef.gouv.ml\/index.php\/wp-json\/wp\/v2\/posts"}],"about":[{"href":"http:\/\/mpfef.gouv.ml\/index.php\/wp-json\/wp\/v2\/types\/post"}],"author":[{"embeddable":true,"href":"http:\/\/mpfef.gouv.ml\/index.php\/wp-json\/wp\/v2\/users\/4"}],"replies":[{"embeddable":true,"href":"http:\/\/mpfef.gouv.ml\/index.php\/wp-json\/wp\/v2\/comments?post=11321"}],"version-history":[{"count":1,"href":"http:\/\/mpfef.gouv.ml\/index.php\/wp-json\/wp\/v2\/posts\/11321\/revisions"}],"predecessor-version":[{"id":11328,"href":"http:\/\/mpfef.gouv.ml\/index.php\/wp-json\/wp\/v2\/posts\/11321\/revisions\/11328"}],"wp:featuredmedia":[{"embeddable":true,"href":"http:\/\/mpfef.gouv.ml\/index.php\/wp-json\/wp\/v2\/media\/11326"}],"wp:attachment":[{"href":"http:\/\/mpfef.gouv.ml\/index.php\/wp-json\/wp\/v2\/media?parent=11321"}],"wp:term":[{"taxonomy":"category","embeddable":true,"href":"http:\/\/mpfef.gouv.ml\/index.php\/wp-json\/wp\/v2\/categories?post=11321"},{"taxonomy":"post_tag","embeddable":true,"href":"http:\/\/mpfef.gouv.ml\/index.php\/wp-json\/wp\/v2\/tags?post=11321"}],"curies":[{"name":"wp","href":"https:\/\/api.w.org\/{rel}","templated":true}]}}