{"id":11452,"date":"2025-01-13T09:45:17","date_gmt":"2025-01-13T08:45:17","guid":{"rendered":"https:\/\/mpfef.gouv.ml\/?p=11452"},"modified":"2025-01-13T09:45:17","modified_gmt":"2025-01-13T08:45:17","slug":"ceremonie-de-decoration-au-ministere-de-la-promotion-de-la-femme-de-lenfant-et-de-la-famille-15-personnalites-distinguees","status":"publish","type":"post","link":"http:\/\/mpfef.gouv.ml\/index.php\/2025\/01\/13\/ceremonie-de-decoration-au-ministere-de-la-promotion-de-la-femme-de-lenfant-et-de-la-famille-15-personnalites-distinguees\/","title":{"rendered":"C\u00c9R\u00c9MONIE DE DECORATION AU MINIST\u00c8RE DE LA PROMOTION DE LA FEMME DE L\u2019ENFANT ET DE LA FAMILLE : 15 PERSONNALIT\u00c9S DISTINGU\u00c9ES"},"content":{"rendered":"<p>C\u00c9R\u00c9MONIE DE DECORATION AU MINIST\u00c8RE DE LA PROMOTION DE LA FEMME DE L\u2019ENFANT ET DE LA FAMILLE : 15 PERSONNALIT\u00c9S DISTINGU\u00c9ES<\/p>\n<p>C\u2019est dans une atmosph\u00e8re conviviale que le ministre de la Promotion de la Femme, de l\u2019Enfant et de la Famille, Mme DIARRA Dj\u00e9n\u00e9ba SANOGO a pr\u00e9sid\u00e9 la c\u00e9r\u00e9monie de remise m\u00e9daille et de distinction. C\u2019\u00e9tait en pr\u00e9sence du Grand Chancelier des Ordres Nationaux, le G\u00e9n\u00e9ral de Brigade Amadou Sagafourou Gueye, ainsi que de nombreux parents des r\u00e9cipiendaires.<\/p>\n<p>Cette c\u00e9r\u00e9monie visait \u00e0 reconna\u00eetre le m\u00e9rite de la nation aux agents qui se sont distingu\u00e9s par leurs efforts personnels et leur contribution significative dans l\u2019am\u00e9lioration des conditions et l\u2019autonomisation de la femme, l\u2019\u00e9panouissement des enfants et la promotion de la famille. Lors de cette c\u00e9r\u00e9monie, 15 personnalit\u00e9s ont \u00e9t\u00e9 distingu\u00e9es en raison de leur m\u00e9rite exceptionnel. Ils ont \u00e9t\u00e9 \u00e9lev\u00e9s au grade de Chevalier de l\u2019Ordre National (5 agents) ou d\u00e9cor\u00e9s de la M\u00e9daille du M\u00e9rite National avec effigie Abeille (10 agents).<\/p>\n<p>Le porte-parole des r\u00e9cipiendaires, M. Madiou SANGHO, a exprim\u00e9 la gratitude des d\u00e9cor\u00e9s pour cette distinction, qu\u2019il a qualifi\u00e9e de reconnaissance de leur engagement et de leur m\u00e9rite. \u00ab Nous faisons le serment de continuer \u00e0 servir avec engagement, d\u00e9vouement et probit\u00e9 \u00bb, a-t-il d\u00e9clar\u00e9 dans son discours de remerciement. Il a aussi rappel\u00e9 aux r\u00e9cipiendaires que la remise de distinction honorifique marque ainsi la reconnaissance de la nation \u00e0 des hommes et \u00e0 des femmes qui ont mis leurs comp\u00e9tences, leur savoir-faire au service de l\u2019essor du Mali. \u00ab Ces distinctions \u00e0 vous d\u00e9cern\u00e9es symbolisent \u00e0 la fois pour les autorit\u00e9s du Mali la r\u00e9ponse \u00e0 un besoin de mettre en exergue des valeurs tels que la bravoure, la t\u00e9nacit\u00e9, la solidarit\u00e9, la dignit\u00e9, le don de soi, le d\u00e9vouement, la conscience professionnelle, la loyaut\u00e9, la fid\u00e9lit\u00e9 qui vous ont fait distinguer des hommes et des femmes dans leurs services \u00bb.<\/p>\n<p>Le Ministre de la Promotion de la Femme, de l\u2019Enfant et de la famille, Mme DIARRA Dj\u00e9n\u00e9ba SANOGO prononc\u00e9 un discours \u00e0 cette occasion, dans lequel elle a exprim\u00e9 sa gratitude et sa fiert\u00e9 envers les r\u00e9cipiendaires, qu\u2019elle a qualifi\u00e9s de \u00ab mod\u00e8les de d\u00e9vouement, de comp\u00e9tence et de loyaut\u00e9 \u00bb. Elle a ensuite rappel\u00e9 aux distingu\u00e9s travailleurs de son d\u00e9partement le sens de cette distinction. \u00ab La m\u00e9daille ne se donne pas ! Elle se m\u00e9rite. Elle m\u00e9rite largement respect et consid\u00e9ration. Elle symbolise vos qualit\u00e9s d\u2019hommes et de femmes d\u2019honneur, de travailleurs exemplaires, mais aussi votre engagement pour la cause de la Nation malienne \u00bb. Avant de les f\u00e9liciter et les encourager de \u00ab continuer \u00e0 vous inspirer dans vos diff\u00e9rentes missions au service de la R\u00e9publique, afin que vous serviez toujours d\u2019exemples pour les autres fils et filles de la Nation. Vous avez m\u00e9rit\u00e9 de la Nation. La Nation vous est en retour reconnaissante \u00bb. Mme DIARRA Dj\u00e9n\u00e9ba SANOGO a \u00e9galement salu\u00e9 l\u2019ensemble des travailleurs du d\u00e9partement pour le travail remarquable qu\u2019ils accomplissent au quotidien en faveur des femmes, des enfants et de la famille. Elle les a enfin invit\u00e9s \u00e0 redoubler d\u2019efforts pour \u00eatre toujours \u00e0 la hauteur des d\u00e9fis et des enjeux auxquels le pays fait face. Mme DIARRA Dj\u00e9n\u00e9ba SANOGO les a \u00e9galement exhort\u00e9s \u00e0 pers\u00e9v\u00e9rer dans leur engagement au service du Mali, en se guidant sur les principes fondamentaux qui encadrent l\u2019action publique.<\/p>\n<p>CCOM\/MPFEF<\/p>\n<p><img loading=\"lazy\" decoding=\"async\" class=\"alignleft size-medium wp-image-11455\" src=\"http:\/\/mpfef.gouv.ml\/wp-content\/uploads\/2025\/01\/FB_IMG_1736757586333-300x200.jpg\" alt=\"\" width=\"300\" height=\"200\" srcset=\"http:\/\/mpfef.gouv.ml\/wp-content\/uploads\/2025\/01\/FB_IMG_1736757586333-300x200.jpg 300w, http:\/\/mpfef.gouv.ml\/wp-content\/uploads\/2025\/01\/FB_IMG_1736757586333.jpg 720w\" sizes=\"auto, (max-width: 300px) 100vw, 300px\" \/> <img loading=\"lazy\" decoding=\"async\" class=\"alignleft size-medium wp-image-11457\" src=\"http:\/\/mpfef.gouv.ml\/wp-content\/uploads\/2025\/01\/FB_IMG_1736757559475-1-300x200.jpg\" alt=\"\" width=\"300\" height=\"200\" srcset=\"http:\/\/mpfef.gouv.ml\/wp-content\/uploads\/2025\/01\/FB_IMG_1736757559475-1-300x200.jpg 300w, http:\/\/mpfef.gouv.ml\/wp-content\/uploads\/2025\/01\/FB_IMG_1736757559475-1.jpg 720w\" sizes=\"auto, (max-width: 300px) 100vw, 300px\" \/> <img loading=\"lazy\" decoding=\"async\" class=\"alignleft size-medium wp-image-11458\" src=\"http:\/\/mpfef.gouv.ml\/wp-content\/uploads\/2025\/01\/FB_IMG_1736757572610-1-300x200.jpg\" alt=\"\" width=\"300\" height=\"200\" srcset=\"http:\/\/mpfef.gouv.ml\/wp-content\/uploads\/2025\/01\/FB_IMG_1736757572610-1-300x200.jpg 300w, http:\/\/mpfef.gouv.ml\/wp-content\/uploads\/2025\/01\/FB_IMG_1736757572610-1.jpg 720w\" sizes=\"auto, (max-width: 300px) 100vw, 300px\" \/> <img loading=\"lazy\" decoding=\"async\" class=\"alignleft size-medium wp-image-11459\" src=\"http:\/\/mpfef.gouv.ml\/wp-content\/uploads\/2025\/01\/FB_IMG_1736757586333-1-300x200.jpg\" alt=\"\" width=\"300\" height=\"200\" srcset=\"http:\/\/mpfef.gouv.ml\/wp-content\/uploads\/2025\/01\/FB_IMG_1736757586333-1-300x200.jpg 300w, http:\/\/mpfef.gouv.ml\/wp-content\/uploads\/2025\/01\/FB_IMG_1736757586333-1.jpg 720w\" sizes=\"auto, (max-width: 300px) 100vw, 300px\" \/> <img loading=\"lazy\" decoding=\"async\" class=\"alignleft size-medium wp-image-11460\" src=\"http:\/\/mpfef.gouv.ml\/wp-content\/uploads\/2025\/01\/FB_IMG_1736757592955-1-300x200.jpg\" alt=\"\" width=\"300\" height=\"200\" srcset=\"http:\/\/mpfef.gouv.ml\/wp-content\/uploads\/2025\/01\/FB_IMG_1736757592955-1-300x200.jpg 300w, http:\/\/mpfef.gouv.ml\/wp-content\/uploads\/2025\/01\/FB_IMG_1736757592955-1.jpg 720w\" sizes=\"auto, (max-width: 300px) 100vw, 300px\" \/><\/p>\n<p>&nbsp;<\/p>\n","protected":false},"excerpt":{"rendered":"<p>C\u00c9R\u00c9MONIE DE DECORATION AU MINIST\u00c8RE DE LA PROMOTION DE LA FEMME DE L\u2019ENFANT ET DE LA FAMILLE : 15 PERSONNALIT\u00c9S DISTINGU\u00c9ES<\/p>\n<p>C\u2019est dans une atmosph\u00e8re conviviale que le ministre de la Promotion de la Femme, de l\u2019Enfant et de la Famille, Mme DIARRA Dj\u00e9n\u00e9ba SANOGO a pr\u00e9sid\u00e9 la c\u00e9r\u00e9monie de remise m\u00e9daille et de distinction.<\/p>\n","protected":false},"author":4,"featured_media":11457,"comment_status":"open","ping_status":"open","sticky":false,"template":"","format":"standard","meta":{"_monsterinsights_skip_tracking":false,"_monsterinsights_sitenote_active":false,"_monsterinsights_sitenote_note":"","_monsterinsights_sitenote_category":0,"footnotes":""},"categories":[1,10,11,12,13,14,15],"tags":[],"class_list":["post-11452","post","type-post","status-publish","format-standard","has-post-thumbnail","hentry","category-actualites","category-medication","category-eye","category-stress-management","category-teeth","category-uncategorized","category-vaccine"],"aioseo_notices":[],"_links":{"self":[{"href":"http:\/\/mpfef.gouv.ml\/index.php\/wp-json\/wp\/v2\/posts\/11452","targetHints":{"allow":["GET"]}}],"collection":[{"href":"http:\/\/mpfef.gouv.ml\/index.php\/wp-json\/wp\/v2\/posts"}],"about":[{"href":"http:\/\/mpfef.gouv.ml\/index.php\/wp-json\/wp\/v2\/types\/post"}],"author":[{"embeddable":true,"href":"http:\/\/mpfef.gouv.ml\/index.php\/wp-json\/wp\/v2\/users\/4"}],"replies":[{"embeddable":true,"href":"http:\/\/mpfef.gouv.ml\/index.php\/wp-json\/wp\/v2\/comments?post=11452"}],"version-history":[{"count":1,"href":"http:\/\/mpfef.gouv.ml\/index.php\/wp-json\/wp\/v2\/posts\/11452\/revisions"}],"predecessor-version":[{"id":11461,"href":"http:\/\/mpfef.gouv.ml\/index.php\/wp-json\/wp\/v2\/posts\/11452\/revisions\/11461"}],"wp:featuredmedia":[{"embeddable":true,"href":"http:\/\/mpfef.gouv.ml\/index.php\/wp-json\/wp\/v2\/media\/11457"}],"wp:attachment":[{"href":"http:\/\/mpfef.gouv.ml\/index.php\/wp-json\/wp\/v2\/media?parent=11452"}],"wp:term":[{"taxonomy":"category","embeddable":true,"href":"http:\/\/mpfef.gouv.ml\/index.php\/wp-json\/wp\/v2\/categories?post=11452"},{"taxonomy":"post_tag","embeddable":true,"href":"http:\/\/mpfef.gouv.ml\/index.php\/wp-json\/wp\/v2\/tags?post=11452"}],"curies":[{"name":"wp","href":"https:\/\/api.w.org\/{rel}","templated":true}]}}