{"id":11494,"date":"2025-01-30T23:06:49","date_gmt":"2025-01-30T22:06:49","guid":{"rendered":"https:\/\/mpfef.gouv.ml\/?p=11494"},"modified":"2025-01-30T23:06:49","modified_gmt":"2025-01-30T22:06:49","slug":"prise-de-contact-avec-les-structures-et-organes-partenaires-du-mpfef","status":"publish","type":"post","link":"http:\/\/mpfef.gouv.ml\/index.php\/2025\/01\/30\/prise-de-contact-avec-les-structures-et-organes-partenaires-du-mpfef\/","title":{"rendered":"Prise de contact avec les structures et organes partenaires du MPFEF"},"content":{"rendered":"<p>Dans le cadre de prise de contact avec les structures et organes partenaires de son d\u00e9partement<img loading=\"lazy\" decoding=\"async\" class=\"alignleft size-medium wp-image-11495\" src=\"http:\/\/mpfef.gouv.ml\/wp-content\/uploads\/2025\/01\/FB_IMG_1738152148310-1-300x200.jpg\" alt=\"\" width=\"300\" height=\"200\" srcset=\"http:\/\/mpfef.gouv.ml\/wp-content\/uploads\/2025\/01\/FB_IMG_1738152148310-1-300x200.jpg 300w, http:\/\/mpfef.gouv.ml\/wp-content\/uploads\/2025\/01\/FB_IMG_1738152148310-1.jpg 720w\" sizes=\"auto, (max-width: 300px) 100vw, 300px\" \/> <img loading=\"lazy\" decoding=\"async\" class=\"alignleft size-medium wp-image-11496\" src=\"http:\/\/mpfef.gouv.ml\/wp-content\/uploads\/2025\/01\/FB_IMG_1738152144713-300x200.jpg\" alt=\"\" width=\"300\" height=\"200\" srcset=\"http:\/\/mpfef.gouv.ml\/wp-content\/uploads\/2025\/01\/FB_IMG_1738152144713-300x200.jpg 300w, http:\/\/mpfef.gouv.ml\/wp-content\/uploads\/2025\/01\/FB_IMG_1738152144713.jpg 720w\" sizes=\"auto, (max-width: 300px) 100vw, 300px\" \/> <img loading=\"lazy\" decoding=\"async\" class=\"alignleft size-medium wp-image-11497\" src=\"http:\/\/mpfef.gouv.ml\/wp-content\/uploads\/2025\/01\/FB_IMG_1738152112002-300x200.jpg\" alt=\"\" width=\"300\" height=\"200\" srcset=\"http:\/\/mpfef.gouv.ml\/wp-content\/uploads\/2025\/01\/FB_IMG_1738152112002-300x200.jpg 300w, http:\/\/mpfef.gouv.ml\/wp-content\/uploads\/2025\/01\/FB_IMG_1738152112002.jpg 720w\" sizes=\"auto, (max-width: 300px) 100vw, 300px\" \/> <img loading=\"lazy\" decoding=\"async\" class=\"alignleft size-medium wp-image-11498\" src=\"http:\/\/mpfef.gouv.ml\/wp-content\/uploads\/2025\/01\/FB_IMG_1738152105454-300x200.jpg\" alt=\"\" width=\"300\" height=\"200\" srcset=\"http:\/\/mpfef.gouv.ml\/wp-content\/uploads\/2025\/01\/FB_IMG_1738152105454-300x200.jpg 300w, http:\/\/mpfef.gouv.ml\/wp-content\/uploads\/2025\/01\/FB_IMG_1738152105454.jpg 720w\" sizes=\"auto, (max-width: 300px) 100vw, 300px\" \/> <img loading=\"lazy\" decoding=\"async\" class=\"alignleft size-medium wp-image-11499\" src=\"http:\/\/mpfef.gouv.ml\/wp-content\/uploads\/2025\/01\/FB_IMG_1738152100069-300x200.jpg\" alt=\"\" width=\"300\" height=\"200\" srcset=\"http:\/\/mpfef.gouv.ml\/wp-content\/uploads\/2025\/01\/FB_IMG_1738152100069-300x200.jpg 300w, http:\/\/mpfef.gouv.ml\/wp-content\/uploads\/2025\/01\/FB_IMG_1738152100069.jpg 720w\" sizes=\"auto, (max-width: 300px) 100vw, 300px\" \/> , le Ministre de la Promotion de la Femme, de l\u2019Enfant et de la Famille, Mme DIARRA Dj\u00e9n\u00e9ba SANOGO a effectu\u00e9 ce lundi 27 janvier 2024, une visite de courtoisie au si\u00e8ge de de la Coordination des Associations et Organisations f\u00e9minines du Mali (CAFO). La rencontre s\u2019inscrivait dans le cadre de maintenir la dynamique de coop\u00e9ration entre le d\u00e9partement et les fa\u00eeti\u00e8res de regroupements de femmes. Elle visait \u00e9galement de renforcer davantage la collaboration entre les deux entit\u00e9s.<\/p>\n<p>La visite de Mme Diarra Dj\u00e9n\u00e9ba Sanogo, Ministre de la Promotion de la Femme, au si\u00e8ge de la CAFO, a \u00e9t\u00e9 un moment riche en \u00e9changes et en perspectives pour le bien-\u00eatre des femmes maliennes et le d\u00e9veloppement durable du pays. Au cours de cette visite, Mme Diarra Dj\u00e9n\u00e9ba Sanogo a exprim\u00e9 sa reconnaissance envers les membres de la CAFO. Elle a salu\u00e9 leur contribution au d\u00e9veloppement du pays, tout en partageant les pr\u00e9occupations prioritaires de son d\u00e9partement. Elle a rappel\u00e9 l\u2019importance des femmes dans la vision du Pr\u00e9sident de la Transition, le G\u00e9n\u00e9ral d\u2019Arm\u00e9e Assimi Go\u00efta, soulignant que \u00ab la femme et la famille constituent les leviers de d\u00e9veloppement de la nation \u00bb. Mme Diarra Dj\u00e9n\u00e9ba Sanogo a saisi cette visite pour annoncer aux membres de la CAFO de la tenue prochaine des Etats g\u00e9n\u00e9raux sur les conditions de la femme, de l\u2019enfant et de la famille et la c\u00e9l\u00e9bration de la journ\u00e9e internationale des femmes qui se d\u00e9roulera cette ann\u00e9e \u00e0 Koutiala. Pour ces deux activit\u00e9s majeures de son d\u00e9partement, Mme Diarra Dj\u00e9n\u00e9ba Sanogo a demand\u00e9 l\u2019accompagnement et l\u2019implication de tous les membres de la CAFO pour la bonne organisation et la r\u00e9ussite de ces activit\u00e9s.<\/p>\n<p>La Pr\u00e9sidente de la Coordination des Associations et ONG F\u00e9minines du Mali (CAFO) Mme Kouyat\u00e9 Goundo Sissoko a exprim\u00e9 sa gratitude pour les efforts consid\u00e9rables des autorit\u00e9s de la Transition. Elle a \u00e9galement mis en lumi\u00e8re l\u2019importance de cette visite, qu\u2019elle a d\u00e9crite comme un \u00ab symbole de reconnaissance et de gratitude \u00bb. Elle a r\u00e9it\u00e9r\u00e9 l\u2019engagement de son organisation \u00e0 soutenir le minist\u00e8re dans l\u2019atteinte des objectifs communs pour les femmes et le pays. Pour les deux prochaines activit\u00e9s majeures du minist\u00e8re de la Promotion de la Femme, de l\u2019Enfant et de la Famille, la Pr\u00e9sidente de la Coordination des Associations et ONG F\u00e9minines du Mali (CAFO) Mme Kouyat\u00e9 Goundo Sissoko a promis au ministre l\u2019engagement et la mobilisation de tous les membres de la CAFO pour que ces deux activit\u00e9s puissent \u00eatre une r\u00e9ussite totale.<\/p>\n<p>CCOM\/MPFEF<\/p>\n<p>&nbsp;<\/p>\n","protected":false},"excerpt":{"rendered":"<p>Dans le cadre de prise de contact avec les structures et organes partenaires de son d\u00e9partement     , le Ministre de la Promotion de la Femme, de l\u2019Enfant et de la Famille, Mme DIARRA Dj\u00e9n\u00e9ba SANOGO a effectu\u00e9 ce lundi 27 janvier 2024, une visite de courtoisie au si\u00e8ge de de la Coordination des Associations et Organisations f\u00e9minines du Mali (CAFO).<\/p>\n","protected":false},"author":4,"featured_media":11496,"comment_status":"open","ping_status":"open","sticky":false,"template":"","format":"standard","meta":{"_monsterinsights_skip_tracking":false,"_monsterinsights_sitenote_active":false,"_monsterinsights_sitenote_note":"","_monsterinsights_sitenote_category":0,"footnotes":""},"categories":[2],"tags":[],"class_list":["post-11494","post","type-post","status-publish","format-standard","has-post-thumbnail","hentry","category-actualites-des-structures"],"aioseo_notices":[],"_links":{"self":[{"href":"http:\/\/mpfef.gouv.ml\/index.php\/wp-json\/wp\/v2\/posts\/11494","targetHints":{"allow":["GET"]}}],"collection":[{"href":"http:\/\/mpfef.gouv.ml\/index.php\/wp-json\/wp\/v2\/posts"}],"about":[{"href":"http:\/\/mpfef.gouv.ml\/index.php\/wp-json\/wp\/v2\/types\/post"}],"author":[{"embeddable":true,"href":"http:\/\/mpfef.gouv.ml\/index.php\/wp-json\/wp\/v2\/users\/4"}],"replies":[{"embeddable":true,"href":"http:\/\/mpfef.gouv.ml\/index.php\/wp-json\/wp\/v2\/comments?post=11494"}],"version-history":[{"count":1,"href":"http:\/\/mpfef.gouv.ml\/index.php\/wp-json\/wp\/v2\/posts\/11494\/revisions"}],"predecessor-version":[{"id":11501,"href":"http:\/\/mpfef.gouv.ml\/index.php\/wp-json\/wp\/v2\/posts\/11494\/revisions\/11501"}],"wp:featuredmedia":[{"embeddable":true,"href":"http:\/\/mpfef.gouv.ml\/index.php\/wp-json\/wp\/v2\/media\/11496"}],"wp:attachment":[{"href":"http:\/\/mpfef.gouv.ml\/index.php\/wp-json\/wp\/v2\/media?parent=11494"}],"wp:term":[{"taxonomy":"category","embeddable":true,"href":"http:\/\/mpfef.gouv.ml\/index.php\/wp-json\/wp\/v2\/categories?post=11494"},{"taxonomy":"post_tag","embeddable":true,"href":"http:\/\/mpfef.gouv.ml\/index.php\/wp-json\/wp\/v2\/tags?post=11494"}],"curies":[{"name":"wp","href":"https:\/\/api.w.org\/{rel}","templated":true}]}}