{"id":11835,"date":"2026-01-06T15:13:26","date_gmt":"2026-01-06T14:13:26","guid":{"rendered":"https:\/\/mpfef.gouv.ml\/?p=11835"},"modified":"2026-01-06T15:13:47","modified_gmt":"2026-01-06T14:13:47","slug":"presentation-des-voeux-2026","status":"publish","type":"post","link":"http:\/\/mpfef.gouv.ml\/index.php\/2026\/01\/06\/presentation-des-voeux-2026\/","title":{"rendered":"Pr\u00e9sentation des v\u0153ux 2026"},"content":{"rendered":"<div class=\"xdj266r x14z9mp xat24cr x1lziwak x1vvkbs x126k92a\">\n<div dir=\"auto\">Pr\u00e9sentation des v\u0153ux 2026: \u00c0 l\u2019occasion du Nouvel An 2026, la Ministre de la Promotion de la Femme, de l\u2019Enfant et de la Famille, Mme Diarra Dj\u00e9n\u00e9ba Sanogo, a adress\u00e9 ses salutations et ses remerciements \u00e0 l\u2019ensemble des agents du minist\u00e8re, aux membres du Bureau syndical et \u00e0 leurs familles. Elle a exprim\u00e9 sa gratitude pour leur engagement, leur professionnalisme et leur sens du devoir au service des femmes, des enfants et des familles du Mali.<\/div>\n<\/div>\n<div class=\"x14z9mp xat24cr x1lziwak x1vvkbs xtlvy1s x126k92a\">\n<div dir=\"auto\">Faisant le bilan de l\u2019ann\u00e9e \u00e9coul\u00e9e, la Ministre a reconnu les d\u00e9fis rencontr\u00e9s tout en saluant les progr\u00e8s r\u00e9alis\u00e9s gr\u00e2ce \u00e0 la solidarit\u00e9 et \u00e0 la r\u00e9silience des \u00e9quipes. Pour 2026, elle a appel\u00e9 \u00e0 l\u2019unit\u00e9, \u00e0 l\u2019innovation et \u00e0 l\u2019excellence afin d\u2019obtenir des r\u00e9sultats durables au b\u00e9n\u00e9fice des populations.<\/div>\n<\/div>\n<div class=\"x14z9mp xat24cr x1lziwak x1vvkbs xtlvy1s x126k92a\">\n<div dir=\"auto\">Elle a r\u00e9affirm\u00e9 son attachement au dialogue social, \u00e0 la reconnaissance du m\u00e9rite et \u00e0 un climat de travail fond\u00e9 sur le respect. Enfin, elle a rendu hommage aux Forces arm\u00e9es, exprim\u00e9 sa compassion aux familles endeuill\u00e9es et formul\u00e9 des v\u0153ux de paix, de prosp\u00e9rit\u00e9 et de souverainet\u00e9 pour le Mali.<\/div>\n<div dir=\"auto\"><img loading=\"lazy\" decoding=\"async\" class=\"alignleft size-medium wp-image-11836\" src=\"http:\/\/mpfef.gouv.ml\/wp-content\/uploads\/2026\/01\/611550776_1278095497469937_267076443229508666_n-300x169.jpg\" alt=\"\" width=\"300\" height=\"169\" srcset=\"http:\/\/mpfef.gouv.ml\/wp-content\/uploads\/2026\/01\/611550776_1278095497469937_267076443229508666_n-300x169.jpg 300w, http:\/\/mpfef.gouv.ml\/wp-content\/uploads\/2026\/01\/611550776_1278095497469937_267076443229508666_n-768x432.jpg 768w, http:\/\/mpfef.gouv.ml\/wp-content\/uploads\/2026\/01\/611550776_1278095497469937_267076443229508666_n.jpg 1000w\" sizes=\"auto, (max-width: 300px) 100vw, 300px\" \/> <img loading=\"lazy\" decoding=\"async\" class=\"alignleft size-medium wp-image-11837\" src=\"http:\/\/mpfef.gouv.ml\/wp-content\/uploads\/2026\/01\/611862733_1278095530803267_8442628674224682345_n-300x169.jpg\" alt=\"\" width=\"300\" height=\"169\" srcset=\"http:\/\/mpfef.gouv.ml\/wp-content\/uploads\/2026\/01\/611862733_1278095530803267_8442628674224682345_n-300x169.jpg 300w, http:\/\/mpfef.gouv.ml\/wp-content\/uploads\/2026\/01\/611862733_1278095530803267_8442628674224682345_n-768x432.jpg 768w, http:\/\/mpfef.gouv.ml\/wp-content\/uploads\/2026\/01\/611862733_1278095530803267_8442628674224682345_n.jpg 1000w\" sizes=\"auto, (max-width: 300px) 100vw, 300px\" \/><\/div>\n<\/div>\n","protected":false},"excerpt":{"rendered":"<div class=\"xdj266r x14z9mp xat24cr x1lziwak x1vvkbs x126k92a\">\n<div dir=\"auto\">Pr\u00e9sentation des v\u0153ux 2026: \u00c0 l\u2019occasion du Nouvel An 2026, la Ministre de la Promotion de la Femme, de l\u2019Enfant et de la Famille, Mme Diarra Dj\u00e9n\u00e9ba Sanogo, a adress\u00e9 ses salutations et ses remerciements \u00e0 l\u2019ensemble des agents du minist\u00e8re, aux membres du Bureau syndical et \u00e0 leurs familles. Elle a exprim\u00e9 sa gratitude pour leur engagement,<\/div>\n<\/div>\n","protected":false},"author":4,"featured_media":11838,"comment_status":"open","ping_status":"open","sticky":false,"template":"","format":"standard","meta":{"_monsterinsights_skip_tracking":false,"_monsterinsights_sitenote_active":false,"_monsterinsights_sitenote_note":"","_monsterinsights_sitenote_category":0,"footnotes":""},"categories":[1],"tags":[],"class_list":["post-11835","post","type-post","status-publish","format-standard","has-post-thumbnail","hentry","category-actualites"],"aioseo_notices":[],"_links":{"self":[{"href":"http:\/\/mpfef.gouv.ml\/index.php\/wp-json\/wp\/v2\/posts\/11835","targetHints":{"allow":["GET"]}}],"collection":[{"href":"http:\/\/mpfef.gouv.ml\/index.php\/wp-json\/wp\/v2\/posts"}],"about":[{"href":"http:\/\/mpfef.gouv.ml\/index.php\/wp-json\/wp\/v2\/types\/post"}],"author":[{"embeddable":true,"href":"http:\/\/mpfef.gouv.ml\/index.php\/wp-json\/wp\/v2\/users\/4"}],"replies":[{"embeddable":true,"href":"http:\/\/mpfef.gouv.ml\/index.php\/wp-json\/wp\/v2\/comments?post=11835"}],"version-history":[{"count":1,"href":"http:\/\/mpfef.gouv.ml\/index.php\/wp-json\/wp\/v2\/posts\/11835\/revisions"}],"predecessor-version":[{"id":11839,"href":"http:\/\/mpfef.gouv.ml\/index.php\/wp-json\/wp\/v2\/posts\/11835\/revisions\/11839"}],"wp:featuredmedia":[{"embeddable":true,"href":"http:\/\/mpfef.gouv.ml\/index.php\/wp-json\/wp\/v2\/media\/11838"}],"wp:attachment":[{"href":"http:\/\/mpfef.gouv.ml\/index.php\/wp-json\/wp\/v2\/media?parent=11835"}],"wp:term":[{"taxonomy":"category","embeddable":true,"href":"http:\/\/mpfef.gouv.ml\/index.php\/wp-json\/wp\/v2\/categories?post=11835"},{"taxonomy":"post_tag","embeddable":true,"href":"http:\/\/mpfef.gouv.ml\/index.php\/wp-json\/wp\/v2\/tags?post=11835"}],"curies":[{"name":"wp","href":"https:\/\/api.w.org\/{rel}","templated":true}]}}