{"id":10497,"date":"2019-10-13T14:41:32","date_gmt":"2019-10-13T12:41:32","guid":{"rendered":"http:\/\/mpfef.gouv.ml\/?p=10497"},"modified":"2019-10-13T14:41:32","modified_gmt":"2019-10-13T12:41:32","slug":"celebration-conjointe-de-la-journee-internationale-de-la-femme-rurale-jifr-et-de-la-journee-mondiale-de-lalimentation-jma-edition-2019","status":"publish","type":"post","link":"https:\/\/mpfef.gouv.ml\/index.php\/2019\/10\/13\/celebration-conjointe-de-la-journee-internationale-de-la-femme-rurale-jifr-et-de-la-journee-mondiale-de-lalimentation-jma-edition-2019\/","title":{"rendered":"CELEBRATION CONJOINTE DE LA JOURNEE INTERNATIONALE DE LA FEMME RURALE (JIFR) ET DE LA JOURNEE MONDIALE DE L\u2019ALIMENTATION (JMA), EDITION 2019"},"content":{"rendered":"<p>Le Mali, \u00e0 l\u2019instar de la communaut\u00e9 internationale, <strong>c\u00e9l\u00e8bre ce mardi 15 octobre la Journ\u00e9e Internationale des Femmes Rurales (JIFR) coupl\u00e9e \u00e0 la Journ\u00e9e Mondiale de l\u2019Alimentation (JMA) \u00e0 Sanankoraba dans le\u00a0 cercle de Kati, r\u00e9gion de Koulikoro<\/strong>. Cette double c\u00e9l\u00e9bration est conjointement organis\u00e9e par les Minist\u00e8res de la Promotion de la Femme, de l\u2019Enfant et de la Famille, de l\u2019Agriculture, de l\u2019Elevage et de la P\u00eache en collaboration avec leurs partenaires et la F\u00e9d\u00e9ration Nationale des Femmes Rurales (FENAFER).<\/p>\n<p>Par cette c\u00e9l\u00e9bration le Gouvernement du Mali\u00a0 et ses partenaires entendent\u00a0 mettre en avant les actions visant \u00e0 am\u00e9liorer la production, la productivit\u00e9 et la transformation des produits locaux par les femmes rurales et une alimentation saine dans un climat social apais\u00e9.<\/p>\n<p>Les th\u00e8mes retenus pour l\u2019Edition 2019 sont\u00a0:<\/p>\n<p>\u25ba<strong>La Journ\u00e9e Internationale de la Femme Rurale (JIFR)<\/strong><strong>:<\/strong><\/p>\n<p><strong>\u00ab<\/strong><strong><em> La paix et la s\u00e9curit\u00e9, socle de la production et la transformation des produits locaux et gage d\u2019une autonomisation pour les femmes rurales<\/em><\/strong><strong><em>\u00a0<\/em><\/strong><strong><em>\u00bb.<\/em><\/strong><\/p>\n<p><strong><em>\u25ba<\/em><\/strong><strong>La Journ\u00e9e Mondiale de l\u2019Alimentation (JMA) :<\/strong><\/p>\n<p><strong>\u00ab<\/strong><strong><em> Agir pour l\u2019avenir. Une Alimentation saine pour un monde sans faim \u00bb.<\/em><\/strong><\/p>\n<p>La c\u00e9r\u00e9monie nationale est plac\u00e9e sous la co pr\u00e9sidence du Ministre de la Promotion de la Femme, de l\u2019Enfant et de la Famille, du Ministre de l\u2019Agriculture, du Ministre de l\u2019Elevage et de la P\u00eache.<\/p>\n<p>Madame le Ministre de la Promotion de la Femme, de l\u2019Enfant et de la Famille invite les\u00a0 Populations du Mali de participer \u00e0 cet \u00e9v\u00e8nement pour contribuer au d\u00e9veloppement de la femme rurale et \u00e0 son autonomisation.<\/p>\n","protected":false},"excerpt":{"rendered":"<p>Le Mali, \u00e0 l\u2019instar de la communaut\u00e9 internationale, c\u00e9l\u00e8bre ce mardi 15 octobre la Journ\u00e9e Internationale des Femmes Rurales (JIFR) coupl\u00e9e \u00e0 la Journ\u00e9e Mondiale de l\u2019Alimentation (JMA) \u00e0 Sanankoraba dans le\u00a0 cercle de Kati, r\u00e9gion de Koulikoro. Cette double c\u00e9l\u00e9bration est conjointement organis\u00e9e par les Minist\u00e8res de la Promotion de la Femme, de l\u2019Enfant et de la Famille,<\/p>\n","protected":false},"author":4,"featured_media":10499,"comment_status":"open","ping_status":"open","sticky":false,"template":"","format":"standard","meta":{"_monsterinsights_skip_tracking":false,"_monsterinsights_sitenote_active":false,"_monsterinsights_sitenote_note":"","_monsterinsights_sitenote_category":0,"footnotes":""},"categories":[1],"tags":[],"class_list":["post-10497","post","type-post","status-publish","format-standard","has-post-thumbnail","hentry","category-actualites"],"aioseo_notices":[],"_links":{"self":[{"href":"https:\/\/mpfef.gouv.ml\/index.php\/wp-json\/wp\/v2\/posts\/10497","targetHints":{"allow":["GET"]}}],"collection":[{"href":"https:\/\/mpfef.gouv.ml\/index.php\/wp-json\/wp\/v2\/posts"}],"about":[{"href":"https:\/\/mpfef.gouv.ml\/index.php\/wp-json\/wp\/v2\/types\/post"}],"author":[{"embeddable":true,"href":"https:\/\/mpfef.gouv.ml\/index.php\/wp-json\/wp\/v2\/users\/4"}],"replies":[{"embeddable":true,"href":"https:\/\/mpfef.gouv.ml\/index.php\/wp-json\/wp\/v2\/comments?post=10497"}],"version-history":[{"count":1,"href":"https:\/\/mpfef.gouv.ml\/index.php\/wp-json\/wp\/v2\/posts\/10497\/revisions"}],"predecessor-version":[{"id":10500,"href":"https:\/\/mpfef.gouv.ml\/index.php\/wp-json\/wp\/v2\/posts\/10497\/revisions\/10500"}],"wp:featuredmedia":[{"embeddable":true,"href":"https:\/\/mpfef.gouv.ml\/index.php\/wp-json\/wp\/v2\/media\/10499"}],"wp:attachment":[{"href":"https:\/\/mpfef.gouv.ml\/index.php\/wp-json\/wp\/v2\/media?parent=10497"}],"wp:term":[{"taxonomy":"category","embeddable":true,"href":"https:\/\/mpfef.gouv.ml\/index.php\/wp-json\/wp\/v2\/categories?post=10497"},{"taxonomy":"post_tag","embeddable":true,"href":"https:\/\/mpfef.gouv.ml\/index.php\/wp-json\/wp\/v2\/tags?post=10497"}],"curies":[{"name":"wp","href":"https:\/\/api.w.org\/{rel}","templated":true}]}}