{"id":10561,"date":"2020-04-02T14:26:12","date_gmt":"2020-04-02T12:26:12","guid":{"rendered":"http:\/\/mpfef.gouv.ml\/?p=10561"},"modified":"2020-04-02T14:28:04","modified_gmt":"2020-04-02T12:28:04","slug":"ministere-de-la-promotion-de-la-femme-de-lenfant-et-de-la-famille-des-mesures-preventives-contre-le-covid-19","status":"publish","type":"post","link":"https:\/\/mpfef.gouv.ml\/index.php\/2020\/04\/02\/ministere-de-la-promotion-de-la-femme-de-lenfant-et-de-la-famille-des-mesures-preventives-contre-le-covid-19\/","title":{"rendered":"Minist\u00e8re de la Promotion de la femme, de l\u2019enfant et de la famille Des mesures pr\u00e9ventives contre le COVID-19"},"content":{"rendered":"<p>Depuis ce vendredi 20 mars, un dispositif de lavage des mains a \u00e9t\u00e9 install\u00e9 aux trois entr\u00e9es d\u2019acc\u00e8s du d\u00e9partement de la Promotion de la femme, de l\u2019enfant et de la famille. Cette initiative salutaire est \u00e0 l\u2019actif de la cheffe du d\u00e9partement Dr. Diakit\u00e9 A\u00efssata Kassa Traor\u00e9 pour pr\u00e9venir l\u2019infection et la propagation du Coronavirus. Cela, seulement 24 heures apr\u00e8s l\u2019annonce du Premier ministre, Dr Boubou Ciss\u00e9, sur les mesures \u00e0 observer pour faire face \u00e0 la pand\u00e9mie du Covid-19.\u00a0 Au cours d\u2019une r\u00e9union de Cabinet, tenue ce vendredi 20 mars,\u00a0 il a \u00e9t\u00e9 instruit \u00e0 tous les agents de limiter les activit\u00e9s et rassemblements \u00e0 une cinquantaine de personnes, au-del\u00e0 de cinquante personnes il faut faire une r\u00e9partition en 2 rencontres diff\u00e9rentes. Le Secr\u00e9taire g\u00e9n\u00e9ral du d\u00e9partement, qui a pr\u00e9sid\u00e9 la c\u00e9r\u00e9monie, a invit\u00e9 ses collaborateurs au respect strict des consignes donn\u00e9es par les autorit\u00e9s comp\u00e9tentes en vue de pr\u00e9venir le virus Corona.<\/p>\n<p><img loading=\"lazy\" decoding=\"async\" class=\"size-full wp-image-10562 alignleft\" src=\"http:\/\/mpfef.gouv.ml\/wp-content\/uploads\/2020\/04\/mesures-pr\u00e9ventives-contre-le-COVID-19-2.jpg\" alt=\"\" width=\"187\" height=\"228\" \/>Aux dires du Secr\u00e9taire g\u00e9n\u00e9ral, ces mesures d\u00e9notent de la volont\u00e9 du Minist\u00e8re de la Promotion de la femme, de l\u2019enfant et de la famille de garantir le bien-\u00eatre de son personnel et de celui des usagers de ses services.<\/p>\n<p>Rappelons que tous les services relevant du d\u00e9partement ont aussi \u00e9t\u00e9 invit\u00e9s \u00e0 adopter les m\u00eames dispositifs.<\/p>\n<p>Selon les sp\u00e9cialistes, le Covid-19 se transmet par voie respiratoire et se manifeste par la fi\u00e8vre, la toux et les difficult\u00e9s respiratoires.<\/p>\n<p><em>Par Ramata Tembely charg\u00e9e de communication minist\u00e8re de la Promotion de la femme de l\u2019enfant et de la famille<\/em><\/p>\n","protected":false},"excerpt":{"rendered":"<p>Depuis ce vendredi 20 mars, un dispositif de lavage des mains a \u00e9t\u00e9 install\u00e9 aux trois entr\u00e9es d\u2019acc\u00e8s du d\u00e9partement de la Promotion de la femme, de l\u2019enfant et de la famille. Cette initiative salutaire est \u00e0 l\u2019actif de la cheffe du d\u00e9partement Dr. Diakit\u00e9 A\u00efssata Kassa Traor\u00e9 pour pr\u00e9venir l\u2019infection et la propagation du Coronavirus.<\/p>\n","protected":false},"author":4,"featured_media":10563,"comment_status":"open","ping_status":"open","sticky":false,"template":"","format":"standard","meta":{"_monsterinsights_skip_tracking":false,"_monsterinsights_sitenote_active":false,"_monsterinsights_sitenote_note":"","_monsterinsights_sitenote_category":0,"footnotes":""},"categories":[1],"tags":[],"class_list":["post-10561","post","type-post","status-publish","format-standard","has-post-thumbnail","hentry","category-actualites"],"aioseo_notices":[],"_links":{"self":[{"href":"https:\/\/mpfef.gouv.ml\/index.php\/wp-json\/wp\/v2\/posts\/10561","targetHints":{"allow":["GET"]}}],"collection":[{"href":"https:\/\/mpfef.gouv.ml\/index.php\/wp-json\/wp\/v2\/posts"}],"about":[{"href":"https:\/\/mpfef.gouv.ml\/index.php\/wp-json\/wp\/v2\/types\/post"}],"author":[{"embeddable":true,"href":"https:\/\/mpfef.gouv.ml\/index.php\/wp-json\/wp\/v2\/users\/4"}],"replies":[{"embeddable":true,"href":"https:\/\/mpfef.gouv.ml\/index.php\/wp-json\/wp\/v2\/comments?post=10561"}],"version-history":[{"count":1,"href":"https:\/\/mpfef.gouv.ml\/index.php\/wp-json\/wp\/v2\/posts\/10561\/revisions"}],"predecessor-version":[{"id":10564,"href":"https:\/\/mpfef.gouv.ml\/index.php\/wp-json\/wp\/v2\/posts\/10561\/revisions\/10564"}],"wp:featuredmedia":[{"embeddable":true,"href":"https:\/\/mpfef.gouv.ml\/index.php\/wp-json\/wp\/v2\/media\/10563"}],"wp:attachment":[{"href":"https:\/\/mpfef.gouv.ml\/index.php\/wp-json\/wp\/v2\/media?parent=10561"}],"wp:term":[{"taxonomy":"category","embeddable":true,"href":"https:\/\/mpfef.gouv.ml\/index.php\/wp-json\/wp\/v2\/categories?post=10561"},{"taxonomy":"post_tag","embeddable":true,"href":"https:\/\/mpfef.gouv.ml\/index.php\/wp-json\/wp\/v2\/tags?post=10561"}],"curies":[{"name":"wp","href":"https:\/\/api.w.org\/{rel}","templated":true}]}}