{"id":10604,"date":"2021-02-15T12:47:04","date_gmt":"2021-02-15T11:47:04","guid":{"rendered":"http:\/\/mpfef.gouv.ml\/?p=10604"},"modified":"2021-02-15T12:49:19","modified_gmt":"2021-02-15T11:49:19","slug":"tolerance-zero-aux-mgf-a-faraba-les-exciseuses-decident-dabandonner-lexcision","status":"publish","type":"post","link":"https:\/\/mpfef.gouv.ml\/index.php\/2021\/02\/15\/tolerance-zero-aux-mgf-a-faraba-les-exciseuses-decident-dabandonner-lexcision\/","title":{"rendered":"Tol\u00e9rance z\u00e9ro aux MGF :\u00a0\u00a0A Faraba\u00a0\u00a0\u00a0les exciseuses d\u00e9cident d\u2019abandonner l&rsquo;excision\u00a0"},"content":{"rendered":"<p><strong>Tol\u00e9rance z\u00e9ro aux MGF :\u00a0\u00a0<\/strong><strong>A Faraba\u00a0\u00a0\u00a0les exciseuses d\u00e9cident d\u2019abandonner l&rsquo;excision\u00a0<\/strong><\/p>\n<p><strong>En cette journ\u00e9e mondiale de lutte contre les mutilations g\u00e9nitales f\u00e9minine, les exciseuses de quatre localit\u00e9s dans la commune du mand\u00e9\u00a0\u00a0ont\u00a0\u00a0d\u00e9cid\u00e9 d\u2019abandonner la pratique n\u00e9faste. L\u2019information a \u00e9t\u00e9 donn\u00e9e par leur portevoix, Mme Niagal\u00e9 Kant\u00e9, ce samedi 6 f\u00e9vrier 2021 \u00e0 Faraba.\u00a0\u00a0\u00a0\u00a0<\/strong><\/p>\n<p>&nbsp;<\/p>\n<p>Ce week-end, le Mali \u00e0 l&rsquo;instar de la communaut\u00e9 internationale, a c\u00e9l\u00e9br\u00e9 le 6 f\u00e9vrier, journ\u00e9e internationale de tol\u00e9rance z\u00e9ro aux Mutilations g\u00e9nitales f\u00e9minines\/excision (MGF\/E). C\u2019\u00e9tait au village de Faraba dans la commune rurale du Mand\u00e9 dans le cercle de Kati, sous le th\u00e8me : \u00ab Pr\u00e9vention et r\u00e9ponse aux violences faites aux femmes et aux filles au Mali 2018-2022 \u00bb.<\/p>\n<p>Les mots de bienvenue du chef de village et ceux du maire de ladite commune, ont permis de camper le d\u00e9cor. Ensuite, la pr\u00e9sidente de l\u2019ONG COFESFA a intervenu pour d\u00e9crire les actions engag\u00e9es sur le terrain. Celles-ci sont entreprises \u00e0 la faveur d&rsquo;un abandon d\u00e9finitif de la pratique des mutilations g\u00e9nitales f\u00e9minines. Selon la pr\u00e9sidente de cette ONG pr\u00e9sente sur le terrain, des avanc\u00e9es notoires ont \u00e9t\u00e9 enregistr\u00e9es dans ce sens, gr\u00e2ce \u00e0 la discontinuit\u00e9 de la sensibilisation. Elle a profit\u00e9 pour faire un plaidoyer par lequel, il faut s&rsquo;unir et traduire en actions concr\u00e8tes les d\u00e9cisions politiques prises pour un abandon de cette pratique.<\/p>\n<p>La repr\u00e9sentante r\u00e9side de l\u2019UNICEF au Mali, Mme Sylvie Fouet, a intervenu au nom du syst\u00e8me des Nations Unies. Elle a reconnu les efforts des plus hautes autorit\u00e9s du pays dans ce combat. Ceux-ci sont en train de porter fruit avec la signature d&rsquo;une convention d\u2019abandon par des exciseuses. Ainsi, des centaines de village ont appos\u00e9 leurs signatures sur ce document. Pour SEM. Barth Ouvry de l&rsquo;Union Europ\u00e9enne au Mali, cette c\u00e9l\u00e9bration mat\u00e9rialise les engagements pris par les autorit\u00e9s maliennes au plan international.<\/p>\n<p><img loading=\"lazy\" decoding=\"async\" class=\"alignleft size-medium wp-image-10605\" src=\"http:\/\/mpfef.gouv.ml\/wp-content\/uploads\/2021\/02\/ABANDON-EXCISION-1-A-300x200.jpg\" alt=\"\" width=\"300\" height=\"200\" srcset=\"https:\/\/mpfef.gouv.ml\/wp-content\/uploads\/2021\/02\/ABANDON-EXCISION-1-A-300x200.jpg 300w, https:\/\/mpfef.gouv.ml\/wp-content\/uploads\/2021\/02\/ABANDON-EXCISION-1-A.jpg 612w\" sizes=\"auto, (max-width: 300px) 100vw, 300px\" \/>Ceux-ci visent \u00e0 promouvoir les droits des femmes en g\u00e9n\u00e9ral et ceux de la petite fille en particulier. L&rsquo;ambassadeur a \u00e9galement demand\u00e9 de mettre en place un cadre l\u00e9gislatif qui doit \u00eatre un outil protecteur pour la junte f\u00e9minine. Pour le repr\u00e9sentant du ministre de la promotion de la femme, de l\u2019enfant et de la famille, Chiaka Magassa, en qualit\u00e9 du secr\u00e9taire g\u00e9n\u00e9ral dudit d\u00e9partement, dira qu\u2019il ressort d&rsquo;une enqu\u00eate effectu\u00e9e par l&rsquo;EDS en 2018, donnant la situation suivante. Ainsi, 73% des filles de O \u00e0 14 ans et 89% des femmes de 15 \u00e0 49 ans ont \u00e9t\u00e9 excis\u00e9es. A celle-ci s\u2019ajoutent : 76% des filles ayant subi les MGF\/E avant l&rsquo;\u00e2ge de 5ans ; 45% des femmes de 15 \u00e0 49 ans ont subi des actes des violences physique ou sexuelle etc. Il a aussi salu\u00e9 l\u2019initiative \u00ab Spotlight \u00bb. Avant de laisser entendre que l\u2019ann\u00e9e 2020 a \u00e9t\u00e9 particuli\u00e8rement riche en activit\u00e9s. Celles-ci ont \u00e9t\u00e9 mat\u00e9rialis\u00e9es par : l\u2019information, la sensibilisation, le plaidoyer, le renforcement des capacit\u00e9s, la prise en charge des cons\u00e9quences des MGF.<\/p>\n<p>A signaler que cette c\u00e9l\u00e9bration a \u00e9t\u00e9 mise \u00e0 profit pour donner 1000 kits de dignit\u00e9 aux Zone Stop center des r\u00e9gions de S\u00e9gou, Sikasso, Koulikoro et le district de Bamako. Ils ont \u00e9t\u00e9 offerts par l&rsquo;UNFPA, dont son repr\u00e9sentant r\u00e9sident, Dr Eug\u00e8ne Kongnywy a eu le plaisir de les remettre au Secr\u00e9taire g\u00e9n\u00e9ral du minist\u00e8re de la Promotion de la femme, de l\u2019enfant et de la famille, M. Chiaka Magassa. \u00c9galement, cette journ\u00e9e a \u00e9t\u00e9 meubl\u00e9e par des t\u00e9moignages des anciennes exciseuses\u00a0\u00a0et un film documentaire illustrant les m\u00e9faits de cette pratique ancr\u00e9e dans nos traditions.<\/p>\n","protected":false},"excerpt":{"rendered":"<p>Tol\u00e9rance z\u00e9ro aux MGF :\u00a0\u00a0A Faraba\u00a0\u00a0\u00a0les exciseuses d\u00e9cident d\u2019abandonner l&rsquo;excision\u00a0<\/p>\n<p>En cette journ\u00e9e mondiale de lutte contre les mutilations g\u00e9nitales f\u00e9minine, les exciseuses de quatre localit\u00e9s dans la commune du mand\u00e9\u00a0\u00a0ont\u00a0\u00a0d\u00e9cid\u00e9 d\u2019abandonner la pratique n\u00e9faste. L\u2019information a \u00e9t\u00e9 donn\u00e9e par leur portevoix, Mme Niagal\u00e9 Kant\u00e9, ce samedi 6 f\u00e9vrier 2021 \u00e0 Faraba.\u00a0\u00a0\u00a0\u00a0<\/p>\n","protected":false},"author":4,"featured_media":10606,"comment_status":"open","ping_status":"open","sticky":false,"template":"","format":"standard","meta":{"_monsterinsights_skip_tracking":false,"_monsterinsights_sitenote_active":false,"_monsterinsights_sitenote_note":"","_monsterinsights_sitenote_category":0,"footnotes":""},"categories":[1],"tags":[],"class_list":["post-10604","post","type-post","status-publish","format-standard","has-post-thumbnail","hentry","category-actualites"],"aioseo_notices":[],"_links":{"self":[{"href":"https:\/\/mpfef.gouv.ml\/index.php\/wp-json\/wp\/v2\/posts\/10604","targetHints":{"allow":["GET"]}}],"collection":[{"href":"https:\/\/mpfef.gouv.ml\/index.php\/wp-json\/wp\/v2\/posts"}],"about":[{"href":"https:\/\/mpfef.gouv.ml\/index.php\/wp-json\/wp\/v2\/types\/post"}],"author":[{"embeddable":true,"href":"https:\/\/mpfef.gouv.ml\/index.php\/wp-json\/wp\/v2\/users\/4"}],"replies":[{"embeddable":true,"href":"https:\/\/mpfef.gouv.ml\/index.php\/wp-json\/wp\/v2\/comments?post=10604"}],"version-history":[{"count":2,"href":"https:\/\/mpfef.gouv.ml\/index.php\/wp-json\/wp\/v2\/posts\/10604\/revisions"}],"predecessor-version":[{"id":10608,"href":"https:\/\/mpfef.gouv.ml\/index.php\/wp-json\/wp\/v2\/posts\/10604\/revisions\/10608"}],"wp:featuredmedia":[{"embeddable":true,"href":"https:\/\/mpfef.gouv.ml\/index.php\/wp-json\/wp\/v2\/media\/10606"}],"wp:attachment":[{"href":"https:\/\/mpfef.gouv.ml\/index.php\/wp-json\/wp\/v2\/media?parent=10604"}],"wp:term":[{"taxonomy":"category","embeddable":true,"href":"https:\/\/mpfef.gouv.ml\/index.php\/wp-json\/wp\/v2\/categories?post=10604"},{"taxonomy":"post_tag","embeddable":true,"href":"https:\/\/mpfef.gouv.ml\/index.php\/wp-json\/wp\/v2\/tags?post=10604"}],"curies":[{"name":"wp","href":"https:\/\/api.w.org\/{rel}","templated":true}]}}