{"id":10712,"date":"2022-03-21T00:38:02","date_gmt":"2022-03-20T23:38:02","guid":{"rendered":"https:\/\/mpfef.gouv.ml\/?p=10712"},"modified":"2022-03-21T00:38:02","modified_gmt":"2022-03-20T23:38:02","slug":"la-ministre-wadidie-foune-coulibaly-a-expose-les-avancees-du-mali-dans-la-lutte-contre-les-vbg-a-new-york","status":"publish","type":"post","link":"https:\/\/mpfef.gouv.ml\/index.php\/2022\/03\/21\/la-ministre-wadidie-foune-coulibaly-a-expose-les-avancees-du-mali-dans-la-lutte-contre-les-vbg-a-new-york\/","title":{"rendered":"La Ministre Wadidi\u00e9 Foun\u00e8 Coulibaly a expos\u00e9 les avanc\u00e9es du Mali dans la lutte contre les VBG \u00e0 New York."},"content":{"rendered":"<p><strong>A la 66\u00e8me session de la commission de la condition de la femme \u00e0 New-York qui se tient du 14 au 25 Mars 2022, la Ministre Wadidi\u00e9 Foun\u00e8 Coulibaly en charge de la promotion de la femme, de l\u2019enfant et de la famille est pr\u00e9sente aux Etats Unies pour r\u00e9affirmer l\u2019engagement et la d\u00e9termination du Mali \u00e0 lutter contre les Violences bas\u00e9es sur le genre (VBG).<\/strong><\/p>\n<p>En effet, cette session est un exercice traditionnel inscrit dans l&rsquo;agenda des Nations Unies o\u00f9 la Ministre de la promotion de la femme, de l\u2019enfant et de la famille s\u2019est exprim\u00e9e sur le th\u00e8me : \u00ab Egalit\u00e9 de genre et lutte contre les VBG au Mali dans le contexte de la crise multidimensionnelle et les changements climatiques : r\u00e9silience, d\u00e9fis et perspectives pour un d\u00e9veloppement durable \u00bb.<\/p>\n<p>Il est \u00e0 souligner que la d\u00e9t\u00e9rioration de la situation s\u00e9curitaire va de pair avec l\u2019augmentation des cas de violence bas\u00e9e sur le genre (VBG), et notamment de violences sexuelles. Depuis janvier 2021, 7962 femmes et filles ont \u00e9t\u00e9 victimes de VBG au Mali, selon les donn\u00e9es recueillies par le syst\u00e8me de gestion de l\u2019information relatives aux VBG (GBV IMS). Ainsi, le contexte s\u00e9curitaire marqu\u00e9 par la pr\u00e9sence des groupes arm\u00e9s dans plusieurs localit\u00e9s du centre et du nord du pays, et l&rsquo;absence des autorit\u00e9s dans certaines de ces zones, est \u00e9galement un facteur de hausse de ces violences. Ceci augmente le risque pour les femmes et filles d&rsquo;\u00eatre victimes de violences sexuelles (viols, viols collectifs, mariages forc\u00e9s), sur les axes routiers, en brousse, au sein de leurs villages.<\/p>\n<p>C\u2019est pourquoi, dans sa communication, la Ministre de la promotion de la femme, de l\u2019enfant et de la famille a cit\u00e9 quelques difficult\u00e9s qui demeurent toujours. Celles-ci ont trait \u00e0 l\u2019insuffisance dans la prise en charge holistique des personnes survivantes des VBG ; au financement des AGR ; \u00e0 la prise en charge s\u00e9curitaire et les poursuites judiciaires ; \u00e0 l\u2019insuffisance de ressources, financi\u00e8res, logistiques et mat\u00e9rielles ; \u00e0 la probl\u00e9matique de collecte des donn\u00e9es sur les VBG sur l\u2019ensemble du territoire national etc.<\/p>\n<p>Par rapport aux avanc\u00e9es, on peut retenir au plan institutionnel entre autres : le programme national pour l\u2019abandon des VBG par la loi n\u00b02019-014 du 03 juillet 2019; le sous cluster sur les VBG et du syst\u00e8me de gestion de l\u2019information sur les VBG depuis 2015, cela a permis de disposer des donn\u00e9es de 21% des localit\u00e9s du pays; l\u2019\u00e9laboration d\u2019un document d\u2019avant-projet de loi VBG depuis 2017) ; l\u2019institutionnalisation de la journ\u00e9e du 06 f\u00e9vrier \u00ab Tol\u00e9rance Z\u00e9ro \u00bb aux Mutilations G\u00e9nitales F\u00e9minines\/Excision (MGF\/E) et des 16 jours d\u2019activisme contre les violences faites aux femmes et aux filles etc.<\/p>\n<p>A cela, la Ministre Wadidi\u00e9 Foun\u00e8 Coulibaly a ajout\u00e9 les strat\u00e9gies de pr\u00e9vention et de r\u00e9ponse aux VBG qui sont la strat\u00e9gie nationale holistique pour mettre fin aux VBG 2019-2030 et celle nationale multisectorielle pour mettre fin au mariage d\u2019enfant ; la strat\u00e9gie nationale de communication holistique sur les VBG 2018-2027 ; l\u2019existence des documents d\u2019argumentaires religieux musulmans et chr\u00e9tiens sur les VBG) ; la r\u00e9insertion socio-\u00e9conomique des milliers de victimes \u00e0 travers la cr\u00e9ation d\u2019activit\u00e9s g\u00e9n\u00e9ratrices de revenus ; l\u2019\u00e9laboration d\u2019un plan d\u2019action national sur la r\u00e9solution 1325 du conseil de s\u00e9curit\u00e9 des Nations Unies pour 2012-2014 et sa r\u00e9vision pour 2015-2017 ; l\u2019organisation de campagnes de prise en charge des complications li\u00e9s \u00e0 la pratique de l\u2019excision \u00e0 l\u2019endroit des victimes. Celle de 2021 a concern\u00e9 150 victimes dont 100 \u00e0 Bamako et 50 \u00e0 Mopti ; le lancement Officiel du R\u00e9seau National pour la transformation des normes du genre, la promotion de la sant\u00e9 de la reproduction et la lutte contre les violences faites aux femmes et aux filles au Mali ; la mise en place d\u2019un num\u00e9ro vert contre les VBG, \u00ab 80 333 \u00bb etc.<\/p>\n<p>Pour finir, la Ministre a cit\u00e9 des projets en cours dans la lutte contre les VBG. Il s\u2019agit entre autres d&rsquo;adopter la loi sur les VBG au Mali ; d\u2019adopter la loi sur la protection des enfants, de capitaliser et de diffuser l\u2019information \u00e0 travers la mise en place d\u2019un syst\u00e8me d\u2019information et une base de donn\u00e9es sur les VBG pour rendre disponible les donn\u00e9es de tout le territoire national etc.<\/p>\n<p>Il est important de souligner que les violences sexuelles sont les formes de VBG les plus rapport\u00e9es au Mali, repr\u00e9sentant pr\u00e8s de la moiti\u00e9 des cas rapport\u00e9s depuis janvier.<\/p>\n<p><strong>AFANOU KADIA DOUMBIA\/Malijet.com<\/strong><\/p>\n<p><u>Source<\/u>:\u00a0<strong>Malijet<\/strong><\/p>\n<p>&nbsp;<\/p>\n<p>&nbsp;<\/p>\n","protected":false},"excerpt":{"rendered":"<p>A la 66\u00e8me session de la commission de la condition de la femme \u00e0 New-York qui se tient du 14 au 25 Mars 2022, la Ministre Wadidi\u00e9 Foun\u00e8 Coulibaly en charge de la promotion de la femme, de l\u2019enfant et de la famille est pr\u00e9sente aux Etats Unies pour r\u00e9affirmer l\u2019engagement et la d\u00e9termination du Mali \u00e0 lutter contre les Violences bas\u00e9es sur le genre (VBG).<\/p>\n","protected":false},"author":4,"featured_media":10707,"comment_status":"open","ping_status":"open","sticky":false,"template":"","format":"standard","meta":{"_monsterinsights_skip_tracking":false,"_monsterinsights_sitenote_active":false,"_monsterinsights_sitenote_note":"","_monsterinsights_sitenote_category":0,"footnotes":""},"categories":[1,2],"tags":[],"class_list":["post-10712","post","type-post","status-publish","format-standard","has-post-thumbnail","hentry","category-actualites","category-actualites-des-structures"],"aioseo_notices":[],"_links":{"self":[{"href":"https:\/\/mpfef.gouv.ml\/index.php\/wp-json\/wp\/v2\/posts\/10712","targetHints":{"allow":["GET"]}}],"collection":[{"href":"https:\/\/mpfef.gouv.ml\/index.php\/wp-json\/wp\/v2\/posts"}],"about":[{"href":"https:\/\/mpfef.gouv.ml\/index.php\/wp-json\/wp\/v2\/types\/post"}],"author":[{"embeddable":true,"href":"https:\/\/mpfef.gouv.ml\/index.php\/wp-json\/wp\/v2\/users\/4"}],"replies":[{"embeddable":true,"href":"https:\/\/mpfef.gouv.ml\/index.php\/wp-json\/wp\/v2\/comments?post=10712"}],"version-history":[{"count":1,"href":"https:\/\/mpfef.gouv.ml\/index.php\/wp-json\/wp\/v2\/posts\/10712\/revisions"}],"predecessor-version":[{"id":10713,"href":"https:\/\/mpfef.gouv.ml\/index.php\/wp-json\/wp\/v2\/posts\/10712\/revisions\/10713"}],"wp:featuredmedia":[{"embeddable":true,"href":"https:\/\/mpfef.gouv.ml\/index.php\/wp-json\/wp\/v2\/media\/10707"}],"wp:attachment":[{"href":"https:\/\/mpfef.gouv.ml\/index.php\/wp-json\/wp\/v2\/media?parent=10712"}],"wp:term":[{"taxonomy":"category","embeddable":true,"href":"https:\/\/mpfef.gouv.ml\/index.php\/wp-json\/wp\/v2\/categories?post=10712"},{"taxonomy":"post_tag","embeddable":true,"href":"https:\/\/mpfef.gouv.ml\/index.php\/wp-json\/wp\/v2\/tags?post=10712"}],"curies":[{"name":"wp","href":"https:\/\/api.w.org\/{rel}","templated":true}]}}