{"id":10743,"date":"2022-08-01T01:06:47","date_gmt":"2022-07-31T23:06:47","guid":{"rendered":"https:\/\/mpfef.gouv.ml\/?p=10743"},"modified":"2022-08-04T00:56:18","modified_gmt":"2022-08-03T22:56:18","slug":"fete-de-31juillet-2022-journee-panafricaine-des-femmes","status":"publish","type":"post","link":"https:\/\/mpfef.gouv.ml\/index.php\/2022\/08\/01\/fete-de-31juillet-2022-journee-panafricaine-des-femmes\/","title":{"rendered":"F\u00eate de 31juillet 2022, journ\u00e9e panafricaine des femmes."},"content":{"rendered":"<p>Message de Madame WADIDIE Foun\u00e8 COULIBALY, Ministre de la Promotion de la Femme de l&rsquo;Enfant et de la Famille<\/p>\n<p>Madame WADIDIE Foun\u00e8 COULIBALY, Ministre de la Promotion de la Femme de l&rsquo;Enfant et de la Famillesouhaite \u00e0 toutes les femmes du Mali une excellente f\u00eate de 31juillet 2022, journ\u00e9e panafricaine des femmes.<\/p>\n<p>Cette ann\u00e9e le th\u00e8me r\u00e9gional retenu est: Femmes Africaines,actrices cl\u00e9es de s\u00e9curit\u00e9 alimentaire et Nutritionnelles.<\/p>\n<p>Le th\u00e8me national est: Femmes Rurales Actrices cl\u00e9es de la s\u00e9curit\u00e9 alimentaire et Nutritionnelles.<\/p>\n<p>L&rsquo;\u00e9v\u00e9nement phare initialement pr\u00e9vu \u00e0 Oulodo (cercle de Kolokani, r\u00e9gion de Koulikoro) \u00e0 \u00e9t\u00e9 report\u00e9 compte tenu du contexte s\u00e9curitaire.<\/p>\n<p>Cependant, le programme continu \u00e0 travers les conf\u00e9rences d\u00e9bats, les \u00e9missions radio, les plantations d&rsquo;arbres, le renforcement de capacit\u00e9 des femmes \u00e0 travers la formation, les remises de mat\u00e9riels de production, la participation aux \u00e9missions t\u00e9l\u00e9vis\u00e9es \u00e0 grande audience (question d&rsquo;actualit\u00e9)&#8230;<\/p>\n<p>Cette c\u00e9l\u00e9bration qui implique l&rsquo;OPF ( l&rsquo;Organisation,Panafricaine des Femmes ), les d\u00e9partements sectoriels, les organisations de la soci\u00e9t\u00e9 civile, les associations et groupements f\u00e9minins continuera apr\u00e8s la journ\u00e9e du 31juillet 2022.<\/p>\n<p>Vivement la prochaine \u00e9dition dans un Mali plus paisible et stable.<\/p>\n","protected":false},"excerpt":{"rendered":"<p>Message de Madame WADIDIE Foun\u00e8 COULIBALY, Ministre de la Promotion de la Femme de l&rsquo;Enfant et de la Famille<\/p>\n<p>Madame WADIDIE Foun\u00e8 COULIBALY, Ministre de la Promotion de la Femme de l&rsquo;Enfant et de la Famillesouhaite \u00e0 toutes les femmes du Mali une excellente f\u00eate de 31juillet 2022, journ\u00e9e panafricaine des femmes.<\/p>\n<p>Cette ann\u00e9e le th\u00e8me r\u00e9gional retenu est: Femmes Africaines,actrices cl\u00e9es de s\u00e9curit\u00e9 alimentaire et Nutritionnelles.<\/p>\n","protected":false},"author":4,"featured_media":10745,"comment_status":"open","ping_status":"open","sticky":false,"template":"","format":"standard","meta":{"_monsterinsights_skip_tracking":false,"_monsterinsights_sitenote_active":false,"_monsterinsights_sitenote_note":"","_monsterinsights_sitenote_category":0,"footnotes":""},"categories":[1,2],"tags":[],"class_list":["post-10743","post","type-post","status-publish","format-standard","has-post-thumbnail","hentry","category-actualites","category-actualites-des-structures"],"aioseo_notices":[],"_links":{"self":[{"href":"https:\/\/mpfef.gouv.ml\/index.php\/wp-json\/wp\/v2\/posts\/10743","targetHints":{"allow":["GET"]}}],"collection":[{"href":"https:\/\/mpfef.gouv.ml\/index.php\/wp-json\/wp\/v2\/posts"}],"about":[{"href":"https:\/\/mpfef.gouv.ml\/index.php\/wp-json\/wp\/v2\/types\/post"}],"author":[{"embeddable":true,"href":"https:\/\/mpfef.gouv.ml\/index.php\/wp-json\/wp\/v2\/users\/4"}],"replies":[{"embeddable":true,"href":"https:\/\/mpfef.gouv.ml\/index.php\/wp-json\/wp\/v2\/comments?post=10743"}],"version-history":[{"count":3,"href":"https:\/\/mpfef.gouv.ml\/index.php\/wp-json\/wp\/v2\/posts\/10743\/revisions"}],"predecessor-version":[{"id":10748,"href":"https:\/\/mpfef.gouv.ml\/index.php\/wp-json\/wp\/v2\/posts\/10743\/revisions\/10748"}],"wp:featuredmedia":[{"embeddable":true,"href":"https:\/\/mpfef.gouv.ml\/index.php\/wp-json\/wp\/v2\/media\/10745"}],"wp:attachment":[{"href":"https:\/\/mpfef.gouv.ml\/index.php\/wp-json\/wp\/v2\/media?parent=10743"}],"wp:term":[{"taxonomy":"category","embeddable":true,"href":"https:\/\/mpfef.gouv.ml\/index.php\/wp-json\/wp\/v2\/categories?post=10743"},{"taxonomy":"post_tag","embeddable":true,"href":"https:\/\/mpfef.gouv.ml\/index.php\/wp-json\/wp\/v2\/tags?post=10743"}],"curies":[{"name":"wp","href":"https:\/\/api.w.org\/{rel}","templated":true}]}}