{"id":10917,"date":"2023-03-01T11:37:19","date_gmt":"2023-03-01T10:37:19","guid":{"rendered":"https:\/\/mpfef.gouv.ml\/?p=10917"},"modified":"2023-03-01T11:43:51","modified_gmt":"2023-03-01T10:43:51","slug":"ceremonie-douverture-du-seminaire-de-reflexion-sur-les-dynamiques-dintegration-de-la-dimension-genre-dans-le-processus-electoral-et-les-reformes-politiques-et-administrative-au-mali","status":"publish","type":"post","link":"https:\/\/mpfef.gouv.ml\/index.php\/2023\/03\/01\/ceremonie-douverture-du-seminaire-de-reflexion-sur-les-dynamiques-dintegration-de-la-dimension-genre-dans-le-processus-electoral-et-les-reformes-politiques-et-administrative-au-mali\/","title":{"rendered":"c\u00e9r\u00e9monie d&rsquo;ouverture du s\u00e9minaire de r\u00e9flexion sur les dynamiques d&rsquo;int\u00e9gration de la dimension genre dans le processus \u00e9lectoral et les r\u00e9formes politiques et administrative au Mali"},"content":{"rendered":"<p>Mme le ministre de la Promotion de la femme de l&rsquo;enfant et de la Famille a pr\u00e9sid\u00e9 ce mardi 28 f\u00e9vrier 2023 \u00e0 l&rsquo;h\u00f4tel de l&rsquo;amiti\u00e9, la c\u00e9r\u00e9monie d&rsquo;ouverture du s\u00e9minaire de r\u00e9flexion sur les dynamiques d&rsquo;int\u00e9gration de la dimension genre dans le processus \u00e9lectoral et les r\u00e9formes politiques et administrative au Mali.<\/p>\n<p>&nbsp;<\/p>\n<p style=\"text-align: right;\"><img loading=\"lazy\" decoding=\"async\" class=\"alignleft size-medium wp-image-10918\" src=\"http:\/\/mpfef.gouv.ml\/wp-content\/uploads\/2023\/03\/IMG-20230228-WA0631-300x168.jpg\" alt=\"\" width=\"300\" height=\"168\" srcset=\"https:\/\/mpfef.gouv.ml\/wp-content\/uploads\/2023\/03\/IMG-20230228-WA0631-300x168.jpg 300w, https:\/\/mpfef.gouv.ml\/wp-content\/uploads\/2023\/03\/IMG-20230228-WA0631-1024x574.jpg 1024w, https:\/\/mpfef.gouv.ml\/wp-content\/uploads\/2023\/03\/IMG-20230228-WA0631-768x431.jpg 768w, https:\/\/mpfef.gouv.ml\/wp-content\/uploads\/2023\/03\/IMG-20230228-WA0631.jpg 1280w\" sizes=\"auto, (max-width: 300px) 100vw, 300px\" \/> <img loading=\"lazy\" decoding=\"async\" class=\"alignleft size-medium wp-image-10919\" src=\"http:\/\/mpfef.gouv.ml\/wp-content\/uploads\/2023\/03\/IMG-20230228-WA0628-300x225.jpg\" alt=\"\" width=\"300\" height=\"225\" srcset=\"https:\/\/mpfef.gouv.ml\/wp-content\/uploads\/2023\/03\/IMG-20230228-WA0628-300x225.jpg 300w, https:\/\/mpfef.gouv.ml\/wp-content\/uploads\/2023\/03\/IMG-20230228-WA0628-1024x768.jpg 1024w, https:\/\/mpfef.gouv.ml\/wp-content\/uploads\/2023\/03\/IMG-20230228-WA0628-768x576.jpg 768w, https:\/\/mpfef.gouv.ml\/wp-content\/uploads\/2023\/03\/IMG-20230228-WA0628.jpg 1280w\" sizes=\"auto, (max-width: 300px) 100vw, 300px\" \/> <img loading=\"lazy\" decoding=\"async\" class=\"alignleft size-medium wp-image-10920\" src=\"http:\/\/mpfef.gouv.ml\/wp-content\/uploads\/2023\/03\/IMG-20230228-WA0629-300x244.jpg\" alt=\"\" width=\"300\" height=\"244\" srcset=\"https:\/\/mpfef.gouv.ml\/wp-content\/uploads\/2023\/03\/IMG-20230228-WA0629-300x244.jpg 300w, https:\/\/mpfef.gouv.ml\/wp-content\/uploads\/2023\/03\/IMG-20230228-WA0629-1024x832.jpg 1024w, https:\/\/mpfef.gouv.ml\/wp-content\/uploads\/2023\/03\/IMG-20230228-WA0629-768x624.jpg 768w, https:\/\/mpfef.gouv.ml\/wp-content\/uploads\/2023\/03\/IMG-20230228-WA0629.jpg 1280w\" sizes=\"auto, (max-width: 300px) 100vw, 300px\" \/> <img loading=\"lazy\" decoding=\"async\" class=\"alignleft size-medium wp-image-10921\" src=\"http:\/\/mpfef.gouv.ml\/wp-content\/uploads\/2023\/03\/IMG-20230228-WA0626-300x225.jpg\" alt=\"\" width=\"300\" height=\"225\" srcset=\"https:\/\/mpfef.gouv.ml\/wp-content\/uploads\/2023\/03\/IMG-20230228-WA0626-300x225.jpg 300w, https:\/\/mpfef.gouv.ml\/wp-content\/uploads\/2023\/03\/IMG-20230228-WA0626-1024x768.jpg 1024w, https:\/\/mpfef.gouv.ml\/wp-content\/uploads\/2023\/03\/IMG-20230228-WA0626-768x576.jpg 768w, https:\/\/mpfef.gouv.ml\/wp-content\/uploads\/2023\/03\/IMG-20230228-WA0626.jpg 1280w\" sizes=\"auto, (max-width: 300px) 100vw, 300px\" \/> <img loading=\"lazy\" decoding=\"async\" class=\"alignleft size-medium wp-image-10922\" src=\"http:\/\/mpfef.gouv.ml\/wp-content\/uploads\/2023\/03\/IMG-20230228-WA0624-300x177.jpg\" alt=\"\" width=\"300\" height=\"177\" srcset=\"https:\/\/mpfef.gouv.ml\/wp-content\/uploads\/2023\/03\/IMG-20230228-WA0624-300x177.jpg 300w, https:\/\/mpfef.gouv.ml\/wp-content\/uploads\/2023\/03\/IMG-20230228-WA0624-1024x605.jpg 1024w, https:\/\/mpfef.gouv.ml\/wp-content\/uploads\/2023\/03\/IMG-20230228-WA0624-768x454.jpg 768w, https:\/\/mpfef.gouv.ml\/wp-content\/uploads\/2023\/03\/IMG-20230228-WA0624.jpg 1280w\" sizes=\"auto, (max-width: 300px) 100vw, 300px\" \/><\/p>\n","protected":false},"excerpt":{"rendered":"<p>Mme le ministre de la Promotion de la femme de l&rsquo;enfant et de la Famille a pr\u00e9sid\u00e9 ce mardi 28 f\u00e9vrier 2023 \u00e0 l&rsquo;h\u00f4tel de l&rsquo;amiti\u00e9, la c\u00e9r\u00e9monie d&rsquo;ouverture du s\u00e9minaire de r\u00e9flexion sur les dynamiques d&rsquo;int\u00e9gration de la dimension genre dans le processus \u00e9lectoral et les r\u00e9formes politiques et administrative au Mali.<\/p>\n<p>&nbsp;<\/p>\n","protected":false},"author":4,"featured_media":10923,"comment_status":"open","ping_status":"open","sticky":false,"template":"","format":"standard","meta":{"_monsterinsights_skip_tracking":false,"_monsterinsights_sitenote_active":false,"_monsterinsights_sitenote_note":"","_monsterinsights_sitenote_category":0,"footnotes":""},"categories":[1],"tags":[],"class_list":["post-10917","post","type-post","status-publish","format-standard","has-post-thumbnail","hentry","category-actualites"],"aioseo_notices":[],"_links":{"self":[{"href":"https:\/\/mpfef.gouv.ml\/index.php\/wp-json\/wp\/v2\/posts\/10917","targetHints":{"allow":["GET"]}}],"collection":[{"href":"https:\/\/mpfef.gouv.ml\/index.php\/wp-json\/wp\/v2\/posts"}],"about":[{"href":"https:\/\/mpfef.gouv.ml\/index.php\/wp-json\/wp\/v2\/types\/post"}],"author":[{"embeddable":true,"href":"https:\/\/mpfef.gouv.ml\/index.php\/wp-json\/wp\/v2\/users\/4"}],"replies":[{"embeddable":true,"href":"https:\/\/mpfef.gouv.ml\/index.php\/wp-json\/wp\/v2\/comments?post=10917"}],"version-history":[{"count":1,"href":"https:\/\/mpfef.gouv.ml\/index.php\/wp-json\/wp\/v2\/posts\/10917\/revisions"}],"predecessor-version":[{"id":10924,"href":"https:\/\/mpfef.gouv.ml\/index.php\/wp-json\/wp\/v2\/posts\/10917\/revisions\/10924"}],"wp:featuredmedia":[{"embeddable":true,"href":"https:\/\/mpfef.gouv.ml\/index.php\/wp-json\/wp\/v2\/media\/10923"}],"wp:attachment":[{"href":"https:\/\/mpfef.gouv.ml\/index.php\/wp-json\/wp\/v2\/media?parent=10917"}],"wp:term":[{"taxonomy":"category","embeddable":true,"href":"https:\/\/mpfef.gouv.ml\/index.php\/wp-json\/wp\/v2\/categories?post=10917"},{"taxonomy":"post_tag","embeddable":true,"href":"https:\/\/mpfef.gouv.ml\/index.php\/wp-json\/wp\/v2\/tags?post=10917"}],"curies":[{"name":"wp","href":"https:\/\/api.w.org\/{rel}","templated":true}]}}