{"id":11129,"date":"2023-11-09T19:46:41","date_gmt":"2023-11-09T18:46:41","guid":{"rendered":"https:\/\/mpfef.gouv.ml\/?p=11129"},"modified":"2023-11-09T19:47:07","modified_gmt":"2023-11-09T18:47:07","slug":"entretien-avec-le-secretaire-general-de-lorganisation-de-cooperation-islamique-oci-s-e-monsieur-hissein-brahim-taha","status":"publish","type":"post","link":"https:\/\/mpfef.gouv.ml\/index.php\/2023\/11\/09\/entretien-avec-le-secretaire-general-de-lorganisation-de-cooperation-islamique-oci-s-e-monsieur-hissein-brahim-taha\/","title":{"rendered":"entretien avec le Secr\u00e9taire g\u00e9n\u00e9ral de l&rsquo;Organisation de Coop\u00e9ration Islamique (OCI), S.E. Monsieur Hissein Brahim Taha."},"content":{"rendered":"<p>En marge de la Conf\u00e9rence Internationale sur la Femme en Islam, la d\u00e9l\u00e9gation malienne constitu\u00e9e du Ministre de la Promotion de la Femme, de l&rsquo;Enfant et de la Famille, Dr COULIBALY Mariam MAIGA et de celui des Affaires religieuses et du Culte Dr Mahamadou KONE a eu un entretien avec le Secr\u00e9taire g\u00e9n\u00e9ral de l&rsquo;Organisation de Coop\u00e9ration Islamique (OCI), S.E. Monsieur Hissein Brahim Taha.<\/p>\n<p>Entre renforcement des relations bilat\u00e9rales et poursuite du dialogue politique de haut niveau sur des questions d\u2019int\u00e9r\u00eat commun, pour le Ministre Dr COULIBALY Mariam MAIGA, aucun effort n\u2019est \u00e0 \u00e9pargner pour la mobilisation de partenariats sinc\u00e8res en faveur des femmes du Mali, dans le cadre d\u2019une coop\u00e9ration mutuellement avantageuse, qui respecte les principes cl\u00e9s \u00e9dict\u00e9s en la mati\u00e8re par Son Excellence Le Colonel Assimi GOITA, Pr\u00e9sident de la Transition, Chef de l\u2019\u00c9tat.<\/p>\n<p>CCOM\/MPFEF<\/p>\n<p><img loading=\"lazy\" decoding=\"async\" class=\"alignleft size-medium wp-image-11131\" src=\"http:\/\/mpfef.gouv.ml\/wp-content\/uploads\/2023\/11\/IMG-20231109-WA1080-300x225.jpg\" alt=\"\" width=\"300\" height=\"225\" srcset=\"https:\/\/mpfef.gouv.ml\/wp-content\/uploads\/2023\/11\/IMG-20231109-WA1080-300x225.jpg 300w, https:\/\/mpfef.gouv.ml\/wp-content\/uploads\/2023\/11\/IMG-20231109-WA1080-768x576.jpg 768w, https:\/\/mpfef.gouv.ml\/wp-content\/uploads\/2023\/11\/IMG-20231109-WA1080.jpg 1024w\" sizes=\"auto, (max-width: 300px) 100vw, 300px\" \/> <img loading=\"lazy\" decoding=\"async\" class=\"alignleft size-medium wp-image-11132\" src=\"http:\/\/mpfef.gouv.ml\/wp-content\/uploads\/2023\/11\/IMG-20231109-WA1078-225x300.jpg\" alt=\"\" width=\"225\" height=\"300\" srcset=\"https:\/\/mpfef.gouv.ml\/wp-content\/uploads\/2023\/11\/IMG-20231109-WA1078-225x300.jpg 225w, https:\/\/mpfef.gouv.ml\/wp-content\/uploads\/2023\/11\/IMG-20231109-WA1078.jpg 750w\" sizes=\"auto, (max-width: 225px) 100vw, 225px\" \/> <img loading=\"lazy\" decoding=\"async\" class=\"alignleft size-medium wp-image-11133\" src=\"http:\/\/mpfef.gouv.ml\/wp-content\/uploads\/2023\/11\/IMG-20231109-WA1082-225x300.jpg\" alt=\"\" width=\"225\" height=\"300\" srcset=\"https:\/\/mpfef.gouv.ml\/wp-content\/uploads\/2023\/11\/IMG-20231109-WA1082-225x300.jpg 225w, https:\/\/mpfef.gouv.ml\/wp-content\/uploads\/2023\/11\/IMG-20231109-WA1082.jpg 750w\" sizes=\"auto, (max-width: 225px) 100vw, 225px\" \/> <img loading=\"lazy\" decoding=\"async\" class=\"alignleft size-medium wp-image-11134\" src=\"http:\/\/mpfef.gouv.ml\/wp-content\/uploads\/2023\/11\/IMG-20231109-WA1081-225x300.jpg\" alt=\"\" width=\"225\" height=\"300\" srcset=\"https:\/\/mpfef.gouv.ml\/wp-content\/uploads\/2023\/11\/IMG-20231109-WA1081-225x300.jpg 225w, https:\/\/mpfef.gouv.ml\/wp-content\/uploads\/2023\/11\/IMG-20231109-WA1081.jpg 750w\" sizes=\"auto, (max-width: 225px) 100vw, 225px\" \/><\/p>\n","protected":false},"excerpt":{"rendered":"<p>En marge de la Conf\u00e9rence Internationale sur la Femme en Islam, la d\u00e9l\u00e9gation malienne constitu\u00e9e du Ministre de la Promotion de la Femme, de l&rsquo;Enfant et de la Famille, Dr COULIBALY Mariam MAIGA et de celui des Affaires religieuses et du Culte Dr Mahamadou KONE a eu un entretien avec le Secr\u00e9taire g\u00e9n\u00e9ral de l&rsquo;Organisation de Coop\u00e9ration Islamique (OCI),<\/p>\n","protected":false},"author":4,"featured_media":11130,"comment_status":"open","ping_status":"open","sticky":false,"template":"","format":"standard","meta":{"_monsterinsights_skip_tracking":false,"_monsterinsights_sitenote_active":false,"_monsterinsights_sitenote_note":"","_monsterinsights_sitenote_category":0,"footnotes":""},"categories":[2],"tags":[],"class_list":["post-11129","post","type-post","status-publish","format-standard","has-post-thumbnail","hentry","category-actualites-des-structures"],"aioseo_notices":[],"_links":{"self":[{"href":"https:\/\/mpfef.gouv.ml\/index.php\/wp-json\/wp\/v2\/posts\/11129","targetHints":{"allow":["GET"]}}],"collection":[{"href":"https:\/\/mpfef.gouv.ml\/index.php\/wp-json\/wp\/v2\/posts"}],"about":[{"href":"https:\/\/mpfef.gouv.ml\/index.php\/wp-json\/wp\/v2\/types\/post"}],"author":[{"embeddable":true,"href":"https:\/\/mpfef.gouv.ml\/index.php\/wp-json\/wp\/v2\/users\/4"}],"replies":[{"embeddable":true,"href":"https:\/\/mpfef.gouv.ml\/index.php\/wp-json\/wp\/v2\/comments?post=11129"}],"version-history":[{"count":1,"href":"https:\/\/mpfef.gouv.ml\/index.php\/wp-json\/wp\/v2\/posts\/11129\/revisions"}],"predecessor-version":[{"id":11135,"href":"https:\/\/mpfef.gouv.ml\/index.php\/wp-json\/wp\/v2\/posts\/11129\/revisions\/11135"}],"wp:featuredmedia":[{"embeddable":true,"href":"https:\/\/mpfef.gouv.ml\/index.php\/wp-json\/wp\/v2\/media\/11130"}],"wp:attachment":[{"href":"https:\/\/mpfef.gouv.ml\/index.php\/wp-json\/wp\/v2\/media?parent=11129"}],"wp:term":[{"taxonomy":"category","embeddable":true,"href":"https:\/\/mpfef.gouv.ml\/index.php\/wp-json\/wp\/v2\/categories?post=11129"},{"taxonomy":"post_tag","embeddable":true,"href":"https:\/\/mpfef.gouv.ml\/index.php\/wp-json\/wp\/v2\/tags?post=11129"}],"curies":[{"name":"wp","href":"https:\/\/api.w.org\/{rel}","templated":true}]}}