{"id":11235,"date":"2024-10-15T09:10:04","date_gmt":"2024-10-15T07:10:04","guid":{"rendered":"https:\/\/mpfef.gouv.ml\/?p=11235"},"modified":"2024-10-15T09:10:04","modified_gmt":"2024-10-15T07:10:04","slug":"celebration-du-mois-de-la-solidarite-et-de-la-lutte-contre-lexclusion","status":"publish","type":"post","link":"https:\/\/mpfef.gouv.ml\/index.php\/2024\/10\/15\/celebration-du-mois-de-la-solidarite-et-de-la-lutte-contre-lexclusion\/","title":{"rendered":"C\u00e9l\u00e9bration du mois de la solidarit\u00e9 et de la lutte contre l&rsquo;exclusion"},"content":{"rendered":"<ol>\n<li>Comme chaque ann\u00e9e, le Mali c\u00e9l\u00e8bre le mois d&rsquo;octobre, mois de la solidarit\u00e9 et de la lutte contre l&rsquo;exclusion. Cette ann\u00e9e qui consacre la 29e \u00e9dition, est plac\u00e9e sous le th\u00e8me : \u00ab la solidarit\u00e9 envers les Victimes de catastrophes, un devoir citoyen et un acte de civisme \u00bb. La deuxi\u00e8me semaine th\u00e9matique de ce mois est plac\u00e9e sous le parrainage de Mme SANGARE Oumou BAH, ancienne Ministre et est d\u00e9di\u00e9e \u00e0 la promotion de la Femme et de l\u2019Enfant. Dans le cadre de cette semaine, le Ministre de la Promotion de la Femme, de l\u2019Enfant et de la Famille, accompagn\u00e9 de con coll\u00e8gue de la Sant\u00e9 et du D\u00e9veloppement Social, M\u00e9decin Colonel Assa Badiallo TOURE, se sont donn\u00e9s la main pour faire parler leur c\u0153ur en faveur des femmes du centre OASIS de l\u2019h\u00f4pital Point G et du service Psychiatrique par la remise de dons compos\u00e9 de vivres, des produits hygi\u00e9niques et pharmaceutiques d\u2019une valeur de plus de 2 millions de Fcfa. La c\u00e9r\u00e9monie de remise s\u2019est d\u00e9roul\u00e9e ce mardi 8 octobre 2024 au Point G.<\/li>\n<\/ol>\n<p>Dans son intervention, le Ministre de la Promotion de la Femme, de l\u2019Enfant et de la Famille a expliqu\u00e9 que la solidarit\u00e9 n\u2019est pas un slogan mais un comportement que l\u2019on se doit de manifester tous les jours \u00e0 l\u2019\u00e9gard des personnes les plus vuln\u00e9rables et les plus n\u00e9cessiteuses. Pour elle, cet exercice doit pr\u00e9valoir en tout temps et en tout lieu comme le manifestent clairement les plus hautes autorit\u00e9s depuis plusieurs ann\u00e9es maintenant. C\u2019est pourquoi, nous avons d\u00e9cid\u00e9 de faire ce don \u00e0 ces femmes du centre OASIS. Ce geste est modeste, mais il refl\u00e8te la volont\u00e9 du d\u00e9partement en charge de la Femme d&rsquo;accompagner ces femmes dans leur quotidien difficile, et de leur redonner dignit\u00e9 et espoir.<\/p>\n<p>Quand \u00e0 la Ministre de la Sant\u00e9 et du D\u00e9veloppement social, elle dira que l\u2019organisation d\u2019un Mois de la Solidarit\u00e9 n\u2019est qu\u2019un rappel que le Gouvernement, \u00e0 travers son d\u00e9partement, fait \u00e0 l\u2019adresse des personnes physiques et morales. Elle offre l\u2019opportunit\u00e9 de mener des activit\u00e9s sp\u00e9cifiques au profit de certains groupes sociaux particuli\u00e8rement fragiles \u00bb a-t-elle rappel\u00e9. Ainsi, le d\u00e9partement continuant dans sa lanc\u00e9e, fera du mois une opportunit\u00e9 de r\u00e9affirmer la solidarit\u00e9 agissante des Maliens envers les n\u00e9cessiteux.<\/p>\n<p>Quand \u00e0 la marraine de la semaine Th\u00e9matique, Mme Sangar\u00e9 Oumou BA, nous a confi\u00e9 : \u00abJ\u2019ai bien accueilli la nouvelle. Et j\u2019en ai \u00e9t\u00e9 tout d\u2019abord honor\u00e9e ainsi que mon entourage. Parce que du fond de ma maison, me faire valoir cette haute consid\u00e9ration est une grande estime pour ma personne et pour l\u2019\u00e2ge. Cela m\u2019a combl\u00e9e au plus profond. C\u2019est pourquoi, tout mon entourage et moi, nous avons pris l\u2019engagement d\u2019assumer cet honneur. La semaine \u00e9tant d\u00e9di\u00e9e aux femmes et aux enfants et dont je suis la marraine vaut ma pr\u00e9sence ici, t\u00e9moignant un d\u00e9but d\u2019action. Je profite pour remercier les hautes autorit\u00e9s pour avoir choisi un temps, des journ\u00e9es, des r\u00e9flexions et des actions en faveur des femmes et des enfants surtout ceux en situations difficiles.<\/p>\n<p>Pr\u00e9cisons que le Mois de la solidarit\u00e9 et de la lutte contre l\u2019exclusion est c\u00e9l\u00e9br\u00e9 suivant quatre semaines th\u00e9matiques : la Semaine des personnes \u00e2g\u00e9es ; la Semaine de la femme et de l\u2019enfant ; la Semaine des personnes vivant avec un handicap ; la Semaine de la jeunesse, de l\u2019emploi et de l\u2019entreprenariat.<\/p>\n<p>Quant au cadre de programmation, il est ax\u00e9 sur cinq orientations strat\u00e9giques ; \u00e0 savoir : renforcer les actions de lutte contre la pauvret\u00e9 et l\u2019exclusion sociale des groupes cibles ; renforcer la protection sociale et l\u2019extension de la couverture sociale des groupes cibles ; contribuer \u00e0 la formation, a l\u2019emploi et \u00e0 l\u2019insertion professionnelle des groupes cibles ; faciliter l\u2019acc\u00e8s aux services sociaux de base des groupes cibles ; contribuer au raffermissement de la paix et de la s\u00e9curit\u00e9.<\/p>\n<p>CCOM\/MPFEF<\/p>\n<p><img loading=\"lazy\" decoding=\"async\" class=\"alignleft size-medium wp-image-11241\" src=\"http:\/\/mpfef.gouv.ml\/wp-content\/uploads\/2024\/10\/FB_IMG_1728975769143-300x200.jpg\" alt=\"\" width=\"300\" height=\"200\" srcset=\"https:\/\/mpfef.gouv.ml\/wp-content\/uploads\/2024\/10\/FB_IMG_1728975769143-300x200.jpg 300w, https:\/\/mpfef.gouv.ml\/wp-content\/uploads\/2024\/10\/FB_IMG_1728975769143.jpg 720w\" sizes=\"auto, (max-width: 300px) 100vw, 300px\" \/> <img loading=\"lazy\" decoding=\"async\" class=\"alignleft size-medium wp-image-11242\" src=\"http:\/\/mpfef.gouv.ml\/wp-content\/uploads\/2024\/10\/FB_IMG_1728975769143-1-300x200.jpg\" alt=\"\" width=\"300\" height=\"200\" srcset=\"https:\/\/mpfef.gouv.ml\/wp-content\/uploads\/2024\/10\/FB_IMG_1728975769143-1-300x200.jpg 300w, https:\/\/mpfef.gouv.ml\/wp-content\/uploads\/2024\/10\/FB_IMG_1728975769143-1.jpg 720w\" sizes=\"auto, (max-width: 300px) 100vw, 300px\" \/> <img loading=\"lazy\" decoding=\"async\" class=\"alignleft size-medium wp-image-11243\" src=\"http:\/\/mpfef.gouv.ml\/wp-content\/uploads\/2024\/10\/FB_IMG_1728975761959-1-300x200.jpg\" alt=\"\" width=\"300\" height=\"200\" srcset=\"https:\/\/mpfef.gouv.ml\/wp-content\/uploads\/2024\/10\/FB_IMG_1728975761959-1-300x200.jpg 300w, https:\/\/mpfef.gouv.ml\/wp-content\/uploads\/2024\/10\/FB_IMG_1728975761959-1.jpg 720w\" sizes=\"auto, (max-width: 300px) 100vw, 300px\" \/> <img loading=\"lazy\" decoding=\"async\" class=\"alignleft size-medium wp-image-11244\" src=\"http:\/\/mpfef.gouv.ml\/wp-content\/uploads\/2024\/10\/FB_IMG_1728975749984-1-300x200.jpg\" alt=\"\" width=\"300\" height=\"200\" srcset=\"https:\/\/mpfef.gouv.ml\/wp-content\/uploads\/2024\/10\/FB_IMG_1728975749984-1-300x200.jpg 300w, https:\/\/mpfef.gouv.ml\/wp-content\/uploads\/2024\/10\/FB_IMG_1728975749984-1.jpg 720w\" sizes=\"auto, (max-width: 300px) 100vw, 300px\" \/> <img loading=\"lazy\" decoding=\"async\" class=\"alignleft size-medium wp-image-11245\" src=\"http:\/\/mpfef.gouv.ml\/wp-content\/uploads\/2024\/10\/FB_IMG_1728975746748-1-300x200.jpg\" alt=\"\" width=\"300\" height=\"200\" srcset=\"https:\/\/mpfef.gouv.ml\/wp-content\/uploads\/2024\/10\/FB_IMG_1728975746748-1-300x200.jpg 300w, https:\/\/mpfef.gouv.ml\/wp-content\/uploads\/2024\/10\/FB_IMG_1728975746748-1.jpg 720w\" sizes=\"auto, (max-width: 300px) 100vw, 300px\" \/> <img loading=\"lazy\" decoding=\"async\" class=\"alignleft size-medium wp-image-11246\" src=\"http:\/\/mpfef.gouv.ml\/wp-content\/uploads\/2024\/10\/FB_IMG_1728975742766-1-300x200.jpg\" alt=\"\" width=\"300\" height=\"200\" srcset=\"https:\/\/mpfef.gouv.ml\/wp-content\/uploads\/2024\/10\/FB_IMG_1728975742766-1-300x200.jpg 300w, https:\/\/mpfef.gouv.ml\/wp-content\/uploads\/2024\/10\/FB_IMG_1728975742766-1.jpg 720w\" sizes=\"auto, (max-width: 300px) 100vw, 300px\" \/> <img loading=\"lazy\" decoding=\"async\" class=\"alignleft size-medium wp-image-11247\" src=\"http:\/\/mpfef.gouv.ml\/wp-content\/uploads\/2024\/10\/FB_IMG_1728975738872-1-300x200.jpg\" alt=\"\" width=\"300\" height=\"200\" srcset=\"https:\/\/mpfef.gouv.ml\/wp-content\/uploads\/2024\/10\/FB_IMG_1728975738872-1-300x200.jpg 300w, https:\/\/mpfef.gouv.ml\/wp-content\/uploads\/2024\/10\/FB_IMG_1728975738872-1.jpg 720w\" sizes=\"auto, (max-width: 300px) 100vw, 300px\" \/><\/p>\n<p>&nbsp;<\/p>\n","protected":false},"excerpt":{"rendered":"<ol>\n<li>Comme chaque ann\u00e9e, le Mali c\u00e9l\u00e8bre le mois d&rsquo;octobre, mois de la solidarit\u00e9 et de la lutte contre l&rsquo;exclusion. Cette ann\u00e9e qui consacre la 29e \u00e9dition, est plac\u00e9e sous le th\u00e8me : \u00ab la solidarit\u00e9 envers les Victimes de catastrophes, un devoir citoyen et un acte de civisme \u00bb. La deuxi\u00e8me semaine th\u00e9matique de ce mois est plac\u00e9e sous le parrainage de Mme SANGARE Oumou BAH,<\/li>\n<\/ol>\n","protected":false},"author":4,"featured_media":11247,"comment_status":"open","ping_status":"open","sticky":false,"template":"","format":"standard","meta":{"_monsterinsights_skip_tracking":false,"_monsterinsights_sitenote_active":false,"_monsterinsights_sitenote_note":"","_monsterinsights_sitenote_category":0,"footnotes":""},"categories":[2],"tags":[],"class_list":["post-11235","post","type-post","status-publish","format-standard","has-post-thumbnail","hentry","category-actualites-des-structures"],"aioseo_notices":[],"_links":{"self":[{"href":"https:\/\/mpfef.gouv.ml\/index.php\/wp-json\/wp\/v2\/posts\/11235","targetHints":{"allow":["GET"]}}],"collection":[{"href":"https:\/\/mpfef.gouv.ml\/index.php\/wp-json\/wp\/v2\/posts"}],"about":[{"href":"https:\/\/mpfef.gouv.ml\/index.php\/wp-json\/wp\/v2\/types\/post"}],"author":[{"embeddable":true,"href":"https:\/\/mpfef.gouv.ml\/index.php\/wp-json\/wp\/v2\/users\/4"}],"replies":[{"embeddable":true,"href":"https:\/\/mpfef.gouv.ml\/index.php\/wp-json\/wp\/v2\/comments?post=11235"}],"version-history":[{"count":1,"href":"https:\/\/mpfef.gouv.ml\/index.php\/wp-json\/wp\/v2\/posts\/11235\/revisions"}],"predecessor-version":[{"id":11248,"href":"https:\/\/mpfef.gouv.ml\/index.php\/wp-json\/wp\/v2\/posts\/11235\/revisions\/11248"}],"wp:featuredmedia":[{"embeddable":true,"href":"https:\/\/mpfef.gouv.ml\/index.php\/wp-json\/wp\/v2\/media\/11247"}],"wp:attachment":[{"href":"https:\/\/mpfef.gouv.ml\/index.php\/wp-json\/wp\/v2\/media?parent=11235"}],"wp:term":[{"taxonomy":"category","embeddable":true,"href":"https:\/\/mpfef.gouv.ml\/index.php\/wp-json\/wp\/v2\/categories?post=11235"},{"taxonomy":"post_tag","embeddable":true,"href":"https:\/\/mpfef.gouv.ml\/index.php\/wp-json\/wp\/v2\/tags?post=11235"}],"curies":[{"name":"wp","href":"https:\/\/api.w.org\/{rel}","templated":true}]}}