{"id":11287,"date":"2024-11-01T14:53:51","date_gmt":"2024-11-01T13:53:51","guid":{"rendered":"https:\/\/mpfef.gouv.ml\/?p=11287"},"modified":"2024-11-01T14:53:51","modified_gmt":"2024-11-01T13:53:51","slug":"conference-internationale-sur-femmes-paix-et-securite-le-mali-partage-son-experience-en-matiere-de-mise-en-oeuvre-de-strategies-concretes-pour-les-femmes-la-paix-et-la-securite-et-dautres","status":"publish","type":"post","link":"https:\/\/mpfef.gouv.ml\/index.php\/2024\/11\/01\/conference-internationale-sur-femmes-paix-et-securite-le-mali-partage-son-experience-en-matiere-de-mise-en-oeuvre-de-strategies-concretes-pour-les-femmes-la-paix-et-la-securite-et-dautres\/","title":{"rendered":"Conf\u00e9rence internationale sur Femmes, Paix et S\u00e9curit\u00e9 : LE MALI PARTAGE SON EXPERIENCE EN MATIERE DE MISE EN \u0152UVRE DE STRAT\u00c9GIES CONCR\u00c8TES POUR LES FEMMES, LA PAIX ET LA S\u00c9CURIT\u00c9 ET D\u2019AUTRES MESURES PRATIQUES\u00a0\u00bb"},"content":{"rendered":"<div class=\"xdj266r x11i5rnm xat24cr x1mh8g0r x1vvkbs x126k92a\">\n<div dir=\"auto\">Conf\u00e9rence internationale sur Femmes, Paix et S\u00e9curit\u00e9 : LE MALI PARTAGE SON EXPERIENCE EN MATIERE DE MISE EN \u0152UVRE DE STRAT\u00c9GIES CONCR\u00c8TES POUR LES FEMMES, LA PAIX ET LA S\u00c9CURIT\u00c9 ET D\u2019AUTRES MESURES PRATIQUES\u00a0\u00bb<\/div>\n<div dir=\"auto\">En marge de la c\u00e9r\u00e9monie d\u2019ouverture de la conf\u00e9rence internationale sur Femmes, Paix et S\u00e9curit\u00e9 qui se d\u00e9roule du 28 au 30 octobre 2024 en Manille (Philippines), le Ministre de la Promotion de la Femme, de l\u2019Enfant et de la Famille, Dr COULIBALY Mariam MAIGA a particip\u00e9 hier lundi 28 octobre 2024 au panel de haut niveau portant \u00a0\u00bb sur la mise en \u0153uvre de strat\u00e9gies concr\u00e8tes pour les femmes, la paix et la s\u00e9curit\u00e9 et d\u2019autres mesures pratiques\u00a0\u00bb. En plus du Ministre COULIBALY Mariam MAIGA, les panelistes \u00e9taient la Ministre d&rsquo;\u00c9tat au Minist\u00e8re des Affaires \u00e9trang\u00e8res des \u00c9mirats arabes unis, Son Excellence. Noura bint Mohammed Al Kaabi, la Secr\u00e9taire du Budget et de la Gestion de la R\u00e9publique des Philippines, Honorable Amenah Pangandaman, la Sous-Secr\u00e9taire d&rsquo;\u00c9tat parlementaire aux Affaires \u00e9trang\u00e8res, au Commonwealth et au D\u00e9veloppement (Royaume-Uni), Son Excellence Catherine West et la Ministre d&rsquo;\u00c9tat aux Affaires f\u00e9minines de la Libye, Son Excellence Huria Eltarmal.<\/div>\n<div dir=\"auto\">Organis\u00e9 en marge de la Conf\u00e9rence internationale sur Femmes, Paix et S\u00e9curit\u00e9, ce panel de haut niveau portant \u00a0\u00bb sur la mise en \u0153uvre de strat\u00e9gies concr\u00e8tes pour les femmes, la paix et la s\u00e9curit\u00e9 et d\u2019autres mesures pratiques\u00a0\u00bb vise \u00e0 partager l\u2019exp\u00e9rience de chaque pays en mati\u00e8re de mises en \u0153uvre des mesures concr\u00e8tes pour faire progresser la paix et la s\u00e9curit\u00e9 des femmes et des enfants. Plus sp\u00e9cifiquement, il s\u2019agissait dans un premier temps au cours de cette session de partager les r\u00e9sultats phares auxquels les diff\u00e9rents pays ont contribu\u00e9 en termes de mises en \u0153uvre des mesures concr\u00e8tes pour faire progresser la paix et la s\u00e9curit\u00e9 des femmes et des enfants et ensuite de pr\u00e9senter les perspectives.<\/div>\n<div dir=\"auto\">Au cours de ce panel de haut niveau, le Ministre de la Promotion de la Femme, de l\u2019Enfant et de la Famille, Dr COULIBALY Mariam MAIGA a expliqu\u00e9 que la r\u00e9gion du Sahel notamment l\u2019espace de la Conf\u00e9d\u00e9ration des Etats du Sahel (AES), \u00e0 savoir le Burkina Faso, le Mali et le Niger, fait face \u00e0 un contexte marqu\u00e9 par une crise multidimensionnelle, depuis plus d\u2019une d\u00e9cennie, li\u00e9e \u00e0 l\u2019ins\u00e9curit\u00e9, \u00e0 l\u2019extr\u00e9misme violent, aux effets du changement climatique, \u00e0 la raret\u00e9 et au contr\u00f4le des ressources naturelles. Ces facteurs, poursuivra -t-elle, ont entrain\u00e9 des tensions et des conflits au sein des communaut\u00e9s. Les femmes et les enfants ont pay\u00e9 et paient encore de lourds tributs. Mais malgr\u00e9 cela, ajoutera-t-elle, les autorit\u00e9s et les peuples du Mali ont entrepris une d\u00e9marche endog\u00e8ne, inclusive et participative de toutes les couches socioprofessionnelles et politiques et de toutes les communaut\u00e9s nationales et de la diaspora. Ainsi, les femmes ont \u00e9t\u00e9 fortement impliqu\u00e9es dans les cadres de dialogue et de concertation comme les Assises Nationales de la Refondation, le Dialogue inter-maliens et d\u2019autres grandes rencontres nationales, r\u00e9gionales et locales pour la paix, la coh\u00e9sion sociale et la r\u00e9conciliation nationale tel que recommand\u00e9 par la R\u00e9solution n\u00b01325 des Nations unies. Ainsi, la mise en \u0153uvre de cette r\u00e9solution s\u2019est op\u00e9r\u00e9e \u00e0 travers l\u2019\u00e9laboration de Plan d\u2019Action National depuis 2012 sous la coordination du d\u00e9partement en charge de la Femme qui a mis en place un m\u00e9canisme de coordination, de suivi et de gestion du plan d\u00e9nomm\u00e9 \u00ab Unit\u00e9 Technique de Gestion \u00bb soutenu par ONU Femmes. Ces diff\u00e9rents plans d\u2019action national visent la participation des femmes aux processus de paix et de r\u00e9conciliation et dans la gouvernance post-conflit. Il est structur\u00e9 autour de la pr\u00e9vention, la participation, la protection, le secours et rel\u00e8vement et la coordination et le suivi.<\/div>\n<div dir=\"auto\">En parlant des actions pour faire progresser la paix et la s\u00e9curit\u00e9 des femmes et des enfants au Mali, le Ministre de la Promotion de la Femme, de l\u2019Enfant et de la Famille a donn\u00e9 quelques exemples du Mali qui sont entre autre :<\/div>\n<div dir=\"auto\">&#8211; La Diss\u00e9mination du PAN de la R\u00e9solution 1325 \u00e0 travers l\u2019\u00e9laboration des plans d&rsquo;action op\u00e9rationnels aux niveaux r\u00e9gional et local et du module de formation des formateurs de la R\u00e9solution n\u00b01325 (d\u00e9centralisation \/localisation du PANR1325) ;<\/div>\n<div dir=\"auto\">&#8211; L\u2019\u00e9laboration de la strat\u00e9gie sectorielle genre du MAECI, du Minist\u00e8re de l&rsquo;Economie et des Finances, du minist\u00e8re de la Justice, du Minist\u00e8re de la d\u00e9fense et s\u00e9curit\u00e9 o\u00f9 des mesures sensibles au genre sont prises pour le recrutement, la r\u00e9tention, la formation, la promotion, la gestion des carri\u00e8res et de s\u00e9curit\u00e9 sociale ;<\/div>\n<div dir=\"auto\">&#8211; La mise en place d\u2019un code de conduite interne sanctionnant les officiers de police qui auraient eux-m\u00eames \u00e9t\u00e9 auteurs de ce type de violence dans l\u2019exercice de leur fonction.<\/div>\n<div dir=\"auto\">&#8211;<\/div>\n<div dir=\"auto\">&#8211; Le renforcement de 15 minist\u00e8res, Commission V\u00e9rit\u00e9, Justice et R\u00e9conciliation (CVJR), Commission D\u00e9sarmement, D\u00e9mobilisation et R\u00e9insertion (DDR), R\u00e9formes du Secteur de la S\u00e9curit\u00e9 (RSS), Secr\u00e9tariat Permanent de la Politique Nationale de Lutte contre l&rsquo;Extr\u00e9misme Violent et le Terrorisme, la Commission Nationale de Lutte contre la Prolif\u00e9ration des Armes L\u00e9g\u00e8res &#8211; CNLPAL) pour le suivi du PAN R1325 ;<\/div>\n<div dir=\"auto\">&#8211; La formation des milliers de femmes, d\u2019hommes et de jeunes sur les droits des femmes, les techniques de m\u00e9diation, la gestion des conflits, le genre, les VBG, la masculinit\u00e9 positive, la communication sociale, le leadership f\u00e9minin, l\u2019extr\u00e9misme violent ;<\/div>\n<div dir=\"auto\">&#8211; L\u2019organisation des Journ\u00e9es portes ouvertes avec les leaders des OSC f\u00e9minines leur permettant de faire entendre les voix des femmes sur la mise en application de la r\u00e9solution 1325, leurs attentes ainsi que les priorit\u00e9s \u00e0 mettre en \u0153uvre dans les domaines de la paix et la s\u00e9curit\u00e9 ;<\/div>\n<div dir=\"auto\">&#8211; La participation des femmes en tant qu\u2019ambassadrices de paix dans les comit\u00e9s locaux de s\u00e9curit\u00e9 (comit\u00e9s de veille communautaire, cercles de la paix, cases de la paix, etc.) ;<\/div>\n<div dir=\"auto\">&#8211; 95 conflits communautaires et familiaux r\u00e9solues par les femmes m\u00e9diatrices et 154 m\u00e9diations faites dans les r\u00e9gions de Mopti, Tombouctou, Gao et Kidal ;<\/div>\n<div dir=\"auto\">&#8211; L\u2019implication de 883 femmes membres des cases de la paix dans la gestion des conflits ;<\/div>\n<div dir=\"auto\">&#8211; La C\u00e9l\u00e9bration des 20 ans de l\u2019adoption de la R\u00e9solution 1325 soutenue par une campagne de communication avec l\u2019accompagnement d\u2019Onu-Femmes au Mali ;<\/div>\n<div dir=\"auto\">&#8211; Le Renforcement de l&rsquo;autonomisation socio-\u00e9conomique des milliers de femmes affect\u00e9es par le conflit ;<\/div>\n<div dir=\"auto\">&#8211; La cr\u00e9ation de plusieurs cellules locales observatoires de femmes et comit\u00e9s de veille et d&rsquo;alerte pr\u00e9coce mis en place ;<\/div>\n<div dir=\"auto\">&#8211; L\u2019int\u00e9gration du genre dans la justice transitionnelle et dans les m\u00e9canismes judiciaires<\/div>\n<div dir=\"auto\">&#8211; Initiation des activit\u00e9s plus r\u00e9silientes (banques de c\u00e9r\u00e9ales, boutiques villageoises, p\u00e9rim\u00e8tres maraichers, etc. ) par des femmes des associations et groupements ;<\/div>\n<div dir=\"auto\">&#8211; Le m\u00e9canisme de coordination, de suivi et de gestion du Plan d\u2019action national de la r\u00e9solution 1325 sous le leadership du MPFEF;<\/div>\n<div dir=\"auto\">&#8211; Un Comit\u00e9 National de Suivi du PAN1325 institutionnalis\u00e9 se r\u00e9unit chaque trimestre sous la direction du MPFEF, afin de planifier les activit\u00e9s op\u00e9rationnelles, partager les r\u00e9alisations, \u00e9valuer les progr\u00e8s, formuler des recommandations.<\/div>\n<div dir=\"auto\">&#8211; Le renforcement des capacit\u00e9s nationales et locales des points focaux, des comit\u00e9s r\u00e9gionaux genre, la cr\u00e9ation de comp\u00e9tences \u00e0 la base, entre autres.<\/div>\n<\/div>\n<div class=\"x11i5rnm xat24cr x1mh8g0r x1vvkbs xtlvy1s x126k92a\">\n<div dir=\"auto\">En termes de termes de perspectives, le Ministre COULIBALY Mariam MAIGA dira que le Mali va poursuivre et acc\u00e9l\u00e9rer ses actions en cours et d\u00e9velopper d\u2019autres initiatives n\u00e9cessaires pour une meilleure participation et responsabilisation des femmes pour faire r\u00e9gner la paix et stabiliser la s\u00e9curit\u00e9 au Mali, au sahel et partout ailleurs. Pour cela il faudra des actions notamment des tables rondes, s\u00e9minaires et forums o\u00f9 les femmes auront un r\u00f4le potentiel dans les dynamiques de paix locale. Ces \u00e9v\u00e9nements fourniront une plateforme de dialogue et d\u2019\u00e9change entre les repr\u00e9sentants du gouvernement, des organisations internationales, de la soci\u00e9t\u00e9 civile, des leaders religieux et des associations de femmes.<\/div>\n<div dir=\"auto\">En plus de ces diff\u00e9rentes actions, le Mali ambitionne de faire participer des femmes ayant une exp\u00e9rience de terrain, notamment celles qui ont d\u00e9j\u00e0 contribu\u00e9 \u00e0 des initiatives de paix au niveau communautaire, pour partager leurs perspectives et encourager leur reconnaissance, organisation des conf\u00e9rences de presse et des \u00e9v\u00e9nements publics de grande visibilit\u00e9 pour attirer l\u2019attention des d\u00e9cideurs et du public (Journ\u00e9e internationale de la paix, Journ\u00e9e internationale des femmes, l\u2019organisation des campagnes de sensibilisation au niveau communautaire pour engager les l\u00e9gitimit\u00e9s traditionnelles, les leaders religieux et les organisations locales \u00e0 inclure les femmes dans les processus de paix locaux, l\u2019organisation des dialogues communautaires et des discussions publiques, anim\u00e9s par des m\u00e9diatrices et des leaders locaux sur l\u2019importance du r\u00f4le des femmes dans la r\u00e9solution des conflits. Toutes ces actions n\u00e9cessitent une mobilisation financi\u00e8re. Ainsi, pour mobiliser les ressources financi\u00e8res, le Mali identifiera des programmes et projets existants des partenaires bilat\u00e9raux et multilat\u00e9raux qui alignent leurs priorit\u00e9s sur les droits des femmes, l&rsquo;\u00e9galit\u00e9 des genres, la reconstruction apr\u00e8s les conflits, le renforcement des capacit\u00e9s institutionnelles, l\u2019inclusion des femmes dans la consolidation de la paix, la promotion de la stabilit\u00e9 dans les r\u00e9gions en crise, la participation des femmes \u00e0 la vie publique, la repr\u00e9sentativit\u00e9 des femmes dans les instances de prise de d\u00e9cision, l\u2019autonomisation \u00e9conomique des femmes, le leadership f\u00e9minin et l\u2019entreprenariat f\u00e9minin.<\/div>\n<div dir=\"auto\">CCOM\/MPFEF<\/div>\n<div dir=\"auto\"><img loading=\"lazy\" decoding=\"async\" class=\"alignleft size-medium wp-image-11289\" src=\"http:\/\/mpfef.gouv.ml\/wp-content\/uploads\/2024\/11\/464792619_962418469037643_362928170510884558_n-300x200.jpg\" alt=\"\" width=\"300\" height=\"200\" srcset=\"https:\/\/mpfef.gouv.ml\/wp-content\/uploads\/2024\/11\/464792619_962418469037643_362928170510884558_n-300x200.jpg 300w, https:\/\/mpfef.gouv.ml\/wp-content\/uploads\/2024\/11\/464792619_962418469037643_362928170510884558_n-1024x683.jpg 1024w, https:\/\/mpfef.gouv.ml\/wp-content\/uploads\/2024\/11\/464792619_962418469037643_362928170510884558_n-768x512.jpg 768w, https:\/\/mpfef.gouv.ml\/wp-content\/uploads\/2024\/11\/464792619_962418469037643_362928170510884558_n-1536x1024.jpg 1536w, https:\/\/mpfef.gouv.ml\/wp-content\/uploads\/2024\/11\/464792619_962418469037643_362928170510884558_n.jpg 2048w\" sizes=\"auto, (max-width: 300px) 100vw, 300px\" \/> <img loading=\"lazy\" decoding=\"async\" class=\"alignleft size-medium wp-image-11290\" src=\"http:\/\/mpfef.gouv.ml\/wp-content\/uploads\/2024\/11\/464857273_962418419037648_5065200988589216510_n-300x200.jpg\" alt=\"\" width=\"300\" height=\"200\" srcset=\"https:\/\/mpfef.gouv.ml\/wp-content\/uploads\/2024\/11\/464857273_962418419037648_5065200988589216510_n-300x200.jpg 300w, https:\/\/mpfef.gouv.ml\/wp-content\/uploads\/2024\/11\/464857273_962418419037648_5065200988589216510_n-1024x683.jpg 1024w, https:\/\/mpfef.gouv.ml\/wp-content\/uploads\/2024\/11\/464857273_962418419037648_5065200988589216510_n-768x512.jpg 768w, https:\/\/mpfef.gouv.ml\/wp-content\/uploads\/2024\/11\/464857273_962418419037648_5065200988589216510_n-1536x1024.jpg 1536w, https:\/\/mpfef.gouv.ml\/wp-content\/uploads\/2024\/11\/464857273_962418419037648_5065200988589216510_n.jpg 2048w\" sizes=\"auto, (max-width: 300px) 100vw, 300px\" \/> <img loading=\"lazy\" decoding=\"async\" class=\"alignleft size-medium wp-image-11291\" src=\"http:\/\/mpfef.gouv.ml\/wp-content\/uploads\/2024\/11\/464961592_962417829037707_8179285823015377972_n-300x200.jpg\" alt=\"\" width=\"300\" height=\"200\" srcset=\"https:\/\/mpfef.gouv.ml\/wp-content\/uploads\/2024\/11\/464961592_962417829037707_8179285823015377972_n-300x200.jpg 300w, https:\/\/mpfef.gouv.ml\/wp-content\/uploads\/2024\/11\/464961592_962417829037707_8179285823015377972_n-1024x683.jpg 1024w, https:\/\/mpfef.gouv.ml\/wp-content\/uploads\/2024\/11\/464961592_962417829037707_8179285823015377972_n-768x512.jpg 768w, https:\/\/mpfef.gouv.ml\/wp-content\/uploads\/2024\/11\/464961592_962417829037707_8179285823015377972_n-1536x1024.jpg 1536w, https:\/\/mpfef.gouv.ml\/wp-content\/uploads\/2024\/11\/464961592_962417829037707_8179285823015377972_n.jpg 2048w\" sizes=\"auto, (max-width: 300px) 100vw, 300px\" \/> <img loading=\"lazy\" decoding=\"async\" class=\"alignleft size-medium wp-image-11292\" src=\"http:\/\/mpfef.gouv.ml\/wp-content\/uploads\/2024\/11\/464778775_962417695704387_7067469464769474402_n-300x169.jpg\" alt=\"\" width=\"300\" height=\"169\" srcset=\"https:\/\/mpfef.gouv.ml\/wp-content\/uploads\/2024\/11\/464778775_962417695704387_7067469464769474402_n-300x169.jpg 300w, https:\/\/mpfef.gouv.ml\/wp-content\/uploads\/2024\/11\/464778775_962417695704387_7067469464769474402_n-1024x577.jpg 1024w, https:\/\/mpfef.gouv.ml\/wp-content\/uploads\/2024\/11\/464778775_962417695704387_7067469464769474402_n-768x432.jpg 768w, https:\/\/mpfef.gouv.ml\/wp-content\/uploads\/2024\/11\/464778775_962417695704387_7067469464769474402_n-1536x865.jpg 1536w, https:\/\/mpfef.gouv.ml\/wp-content\/uploads\/2024\/11\/464778775_962417695704387_7067469464769474402_n.jpg 2048w\" sizes=\"auto, (max-width: 300px) 100vw, 300px\" \/><\/div>\n<\/div>\n","protected":false},"excerpt":{"rendered":"<div class=\"xdj266r x11i5rnm xat24cr x1mh8g0r x1vvkbs x126k92a\">\n<div dir=\"auto\">Conf\u00e9rence internationale sur Femmes, Paix et S\u00e9curit\u00e9 : LE MALI PARTAGE SON EXPERIENCE EN MATIERE DE MISE EN \u0152UVRE DE STRAT\u00c9GIES CONCR\u00c8TES POUR LES FEMMES, LA PAIX ET LA S\u00c9CURIT\u00c9 ET D\u2019AUTRES MESURES PRATIQUES\u00a0\u00bb<\/div>\n<div dir=\"auto\">En marge de la c\u00e9r\u00e9monie d\u2019ouverture de la conf\u00e9rence internationale sur Femmes, Paix et S\u00e9curit\u00e9 qui se d\u00e9roule du 28 au 30 octobre 2024 en Manille (Philippines),<\/div>\n<\/div>\n","protected":false},"author":4,"featured_media":11291,"comment_status":"open","ping_status":"open","sticky":false,"template":"","format":"standard","meta":{"_monsterinsights_skip_tracking":false,"_monsterinsights_sitenote_active":false,"_monsterinsights_sitenote_note":"","_monsterinsights_sitenote_category":0,"footnotes":""},"categories":[1],"tags":[],"class_list":["post-11287","post","type-post","status-publish","format-standard","has-post-thumbnail","hentry","category-actualites"],"aioseo_notices":[],"_links":{"self":[{"href":"https:\/\/mpfef.gouv.ml\/index.php\/wp-json\/wp\/v2\/posts\/11287","targetHints":{"allow":["GET"]}}],"collection":[{"href":"https:\/\/mpfef.gouv.ml\/index.php\/wp-json\/wp\/v2\/posts"}],"about":[{"href":"https:\/\/mpfef.gouv.ml\/index.php\/wp-json\/wp\/v2\/types\/post"}],"author":[{"embeddable":true,"href":"https:\/\/mpfef.gouv.ml\/index.php\/wp-json\/wp\/v2\/users\/4"}],"replies":[{"embeddable":true,"href":"https:\/\/mpfef.gouv.ml\/index.php\/wp-json\/wp\/v2\/comments?post=11287"}],"version-history":[{"count":1,"href":"https:\/\/mpfef.gouv.ml\/index.php\/wp-json\/wp\/v2\/posts\/11287\/revisions"}],"predecessor-version":[{"id":11293,"href":"https:\/\/mpfef.gouv.ml\/index.php\/wp-json\/wp\/v2\/posts\/11287\/revisions\/11293"}],"wp:featuredmedia":[{"embeddable":true,"href":"https:\/\/mpfef.gouv.ml\/index.php\/wp-json\/wp\/v2\/media\/11291"}],"wp:attachment":[{"href":"https:\/\/mpfef.gouv.ml\/index.php\/wp-json\/wp\/v2\/media?parent=11287"}],"wp:term":[{"taxonomy":"category","embeddable":true,"href":"https:\/\/mpfef.gouv.ml\/index.php\/wp-json\/wp\/v2\/categories?post=11287"},{"taxonomy":"post_tag","embeddable":true,"href":"https:\/\/mpfef.gouv.ml\/index.php\/wp-json\/wp\/v2\/tags?post=11287"}],"curies":[{"name":"wp","href":"https:\/\/api.w.org\/{rel}","templated":true}]}}