{"id":11315,"date":"2024-11-15T11:37:27","date_gmt":"2024-11-15T10:37:27","guid":{"rendered":"https:\/\/mpfef.gouv.ml\/?p=11315"},"modified":"2024-11-15T11:44:38","modified_gmt":"2024-11-15T10:44:38","slug":"ceremonie-douverture-du-forum-de-reflexion-de-haut-niveau-sur-les-mecanismes-innovants-dacces-au-financement-pour-les-promotrices-dagr-pme-pmi","status":"publish","type":"post","link":"https:\/\/mpfef.gouv.ml\/index.php\/2024\/11\/15\/ceremonie-douverture-du-forum-de-reflexion-de-haut-niveau-sur-les-mecanismes-innovants-dacces-au-financement-pour-les-promotrices-dagr-pme-pmi\/","title":{"rendered":"C\u00e9r\u00e9monie d\u2019ouverture du forum de r\u00e9flexion de haut niveau sur les m\u00e9canismes innovants d&rsquo;acc\u00e8s au financement pour les promotrices d\u2019AGR\/PME\/PMI"},"content":{"rendered":"<p>Le Ministre de la Promotion de la Femme, de l\u2019Enfant et de la Famille, Dr COULIBALY Mariam MAIGA a pr\u00e9sid\u00e9 ce mardi 12 novembre 2024 au CICB, la c\u00e9r\u00e9monie d\u2019ouverture du forum de r\u00e9flexion de haut niveau sur les m\u00e9canismes innovants d&rsquo;acc\u00e8s au financement pour les promotrices d\u2019AGR\/PME\/PMI et revue du secteur priv\u00e9 sur les in\u00e9galit\u00e9s hommes-femmes assortie de strat\u00e9gies pour am\u00e9liorer l\u2019autonomisation \u00e9conomique des femmes.<\/p>\n<p>Ce forum qui r\u00e9unit durant deux jours les banques, les investisseurs, les organisations internationales, les agences de d\u00e9veloppement et bien s\u00fbr les femmes entrepreneures vise \u00e0 proc\u00e9der \u00e0 l\u2019\u00e9tat des lieux et le diagnostic des principaux obstacles et difficult\u00e9s qui entravent l&rsquo;acc\u00e8s au financement des entreprises f\u00e9minines au Mali ; proposer des m\u00e9canismes innovants et des bonnes pratiques pour am\u00e9liorer et faciliter l\u2019acc\u00e8s des femmes au financement des institutions financi\u00e8res ; analyser les in\u00e9galit\u00e9s de genre dans le secteur priv\u00e9 et proposer des mesures correctives pour les r\u00e9duire et promouvoir l&rsquo;autonomisation \u00e9conomique des femmes \u00e0 travers des initiatives concr\u00e8tes.<\/p>\n<p>Dans son discours d\u2019ouverture, le Ministre de la Promotion de la Femme, de l\u2019Enfant et de la Famille, Dr COULIBALY Mariam MAIGA a expliqu\u00e9 que le th\u00e8me choisi pour ce forum est d&rsquo;une pertinence particuli\u00e8re car il invite \u00e0 une r\u00e9flexion approfondie sur les dispositifs de financement existants, leurs efficacit\u00e9s, leurs limites, et les moyens de les innover. Ce th\u00e8me interpelle aussi sur la n\u00e9cessit\u00e9 de renforcer et d&rsquo;adapter les m\u00e9canismes de financement et de soutien \u00e0 l&rsquo;entrepreneuriat f\u00e9minin, pour r\u00e9pondre aux besoins sp\u00e9cifiques des femmes entrepreneures.<\/p>\n<p>Elle expliquera ensuite que malgr\u00e9 les efforts significatifs d\u00e9ploy\u00e9s ces derni\u00e8res ann\u00e9es par le Gouvernement malien, les femmes entrepreneures continuent de faire face \u00e0 des d\u00e9fis majeurs en mati\u00e8re d\u2019acc\u00e8s au financement. Qu&rsquo;il s&rsquo;agisse de discriminations subtiles dans l\u2019acc\u00e8s aux cr\u00e9dits ou d\u2019une sous-estimation de leur capacit\u00e9 \u00e0 g\u00e9rer des affaires, ces barri\u00e8res sont \u00e0 la fois syst\u00e9miques et structurelles. Il est donc de notre devoir d\u2019innover, de repenser les m\u00e9canismes traditionnels de financement et de mettre en place des solutions adapt\u00e9es aux besoins sp\u00e9cifiques des femmes. C\u2019est pourquoi, poursuivra-t-elle, ce forum permettra de faire le diagnostic n\u00e9cessaire et proposera des rem\u00e8des ad\u00e9quats pour transformer la donne. Qu&rsquo;il s&rsquo;agisse de nouvelles formes de financement, telles que le financement participatif, les fonds de capital-risque d\u00e9di\u00e9s, ou encore des programmes de garantie publique sp\u00e9cialement con\u00e7us pour les entreprises f\u00e9minines, nous devons penser diff\u00e9remment et agir de mani\u00e8re strat\u00e9gique.<\/p>\n<p>Dr COULIBALY Mariam MAIGA soulignera enfin qu\u2019elle est persuad\u00e9e que les discussions et les recommandations qui \u00e9mergeront de ce forum serviront de catalyseur pour un changement durable. \u00abEn unissant nos forces, en partageant nos exp\u00e9riences et en innovant, nous pouvons b\u00e2tir un environnement o\u00f9 les femmes entrepreneures peuvent prosp\u00e9rer et contribuer pleinement au d\u00e9veloppement \u00e9conomique de notre nation car nous sommes convaincus que l&rsquo;entrepreneuriat f\u00e9minin est un levier essentiel du d\u00e9veloppement \u00e9conomique et social de notre pays \u00bb a-t-elle conclut.<\/p>\n<p>CCOM\/MPFEF<\/p>\n<p><img loading=\"lazy\" decoding=\"async\" class=\"alignleft size-medium wp-image-11316\" src=\"http:\/\/mpfef.gouv.ml\/wp-content\/uploads\/2024\/11\/FB_IMG_1731666854140-300x200.jpg\" alt=\"\" width=\"300\" height=\"200\" srcset=\"https:\/\/mpfef.gouv.ml\/wp-content\/uploads\/2024\/11\/FB_IMG_1731666854140-300x200.jpg 300w, https:\/\/mpfef.gouv.ml\/wp-content\/uploads\/2024\/11\/FB_IMG_1731666854140.jpg 720w\" sizes=\"auto, (max-width: 300px) 100vw, 300px\" \/> <img loading=\"lazy\" decoding=\"async\" class=\"alignleft size-medium wp-image-11317\" src=\"http:\/\/mpfef.gouv.ml\/wp-content\/uploads\/2024\/11\/FB_IMG_1731666858001-300x200.jpg\" alt=\"\" width=\"300\" height=\"200\" srcset=\"https:\/\/mpfef.gouv.ml\/wp-content\/uploads\/2024\/11\/FB_IMG_1731666858001-300x200.jpg 300w, https:\/\/mpfef.gouv.ml\/wp-content\/uploads\/2024\/11\/FB_IMG_1731666858001.jpg 720w\" sizes=\"auto, (max-width: 300px) 100vw, 300px\" \/> <img loading=\"lazy\" decoding=\"async\" class=\"alignleft size-medium wp-image-11318\" src=\"http:\/\/mpfef.gouv.ml\/wp-content\/uploads\/2024\/11\/FB_IMG_1731666868169-300x200.jpg\" alt=\"\" width=\"300\" height=\"200\" srcset=\"https:\/\/mpfef.gouv.ml\/wp-content\/uploads\/2024\/11\/FB_IMG_1731666868169-300x200.jpg 300w, https:\/\/mpfef.gouv.ml\/wp-content\/uploads\/2024\/11\/FB_IMG_1731666868169.jpg 720w\" sizes=\"auto, (max-width: 300px) 100vw, 300px\" \/> <img loading=\"lazy\" decoding=\"async\" class=\"alignleft size-medium wp-image-11319\" src=\"http:\/\/mpfef.gouv.ml\/wp-content\/uploads\/2024\/11\/FB_IMG_1731666877334-300x200.jpg\" alt=\"\" width=\"300\" height=\"200\" srcset=\"https:\/\/mpfef.gouv.ml\/wp-content\/uploads\/2024\/11\/FB_IMG_1731666877334-300x200.jpg 300w, https:\/\/mpfef.gouv.ml\/wp-content\/uploads\/2024\/11\/FB_IMG_1731666877334.jpg 720w\" sizes=\"auto, (max-width: 300px) 100vw, 300px\" \/><\/p>\n<p>&nbsp;<\/p>\n","protected":false},"excerpt":{"rendered":"<p>Le Ministre de la Promotion de la Femme, de l\u2019Enfant et de la Famille, Dr COULIBALY Mariam MAIGA a pr\u00e9sid\u00e9 ce mardi 12 novembre 2024 au CICB, la c\u00e9r\u00e9monie d\u2019ouverture du forum de r\u00e9flexion de haut niveau sur les m\u00e9canismes innovants d&rsquo;acc\u00e8s au financement pour les promotrices d\u2019AGR\/PME\/PMI et revue du secteur priv\u00e9 sur les in\u00e9galit\u00e9s hommes-femmes assortie de strat\u00e9gies pour am\u00e9liorer l\u2019autonomisation \u00e9conomique des femmes.<\/p>\n","protected":false},"author":4,"featured_media":0,"comment_status":"open","ping_status":"open","sticky":false,"template":"","format":"standard","meta":{"_monsterinsights_skip_tracking":false,"_monsterinsights_sitenote_active":false,"_monsterinsights_sitenote_note":"","_monsterinsights_sitenote_category":0,"footnotes":""},"categories":[1],"tags":[],"class_list":["post-11315","post","type-post","status-publish","format-standard","hentry","category-actualites"],"aioseo_notices":[],"_links":{"self":[{"href":"https:\/\/mpfef.gouv.ml\/index.php\/wp-json\/wp\/v2\/posts\/11315","targetHints":{"allow":["GET"]}}],"collection":[{"href":"https:\/\/mpfef.gouv.ml\/index.php\/wp-json\/wp\/v2\/posts"}],"about":[{"href":"https:\/\/mpfef.gouv.ml\/index.php\/wp-json\/wp\/v2\/types\/post"}],"author":[{"embeddable":true,"href":"https:\/\/mpfef.gouv.ml\/index.php\/wp-json\/wp\/v2\/users\/4"}],"replies":[{"embeddable":true,"href":"https:\/\/mpfef.gouv.ml\/index.php\/wp-json\/wp\/v2\/comments?post=11315"}],"version-history":[{"count":1,"href":"https:\/\/mpfef.gouv.ml\/index.php\/wp-json\/wp\/v2\/posts\/11315\/revisions"}],"predecessor-version":[{"id":11320,"href":"https:\/\/mpfef.gouv.ml\/index.php\/wp-json\/wp\/v2\/posts\/11315\/revisions\/11320"}],"wp:attachment":[{"href":"https:\/\/mpfef.gouv.ml\/index.php\/wp-json\/wp\/v2\/media?parent=11315"}],"wp:term":[{"taxonomy":"category","embeddable":true,"href":"https:\/\/mpfef.gouv.ml\/index.php\/wp-json\/wp\/v2\/categories?post=11315"},{"taxonomy":"post_tag","embeddable":true,"href":"https:\/\/mpfef.gouv.ml\/index.php\/wp-json\/wp\/v2\/tags?post=11315"}],"curies":[{"name":"wp","href":"https:\/\/api.w.org\/{rel}","templated":true}]}}