{"id":11905,"date":"2026-03-09T22:32:54","date_gmt":"2026-03-09T21:32:54","guid":{"rendered":"https:\/\/mpfef.gouv.ml\/?p=11905"},"modified":"2026-03-09T22:32:54","modified_gmt":"2026-03-09T21:32:54","slug":"acces-aux-documents-administratifs-civils-un-pas-important-pour-les-femmes-et-les-enfants","status":"publish","type":"post","link":"https:\/\/mpfef.gouv.ml\/index.php\/2026\/03\/09\/acces-aux-documents-administratifs-civils-un-pas-important-pour-les-femmes-et-les-enfants\/","title":{"rendered":"Acc\u00e8s aux documents administratifs civils: un pas important pour les femmes et les enfants"},"content":{"rendered":"<p>*Acc\u00e8s aux documents administratifs civils:* un pas important pour les femmes et les enfants<\/p>\n<p>Mme Diarra Dj\u00e9n\u00e9ba Sanogo, Ministre de la Promotion de la Femme, de l\u2019Enfant et de la Famille, a proc\u00e9d\u00e9 \u00e0 la signature d\u2019un protocole interminist\u00e9riel visant \u00e0 faciliter l\u2019acc\u00e8s des femmes et des enfants aux documents administratifs civils.<\/p>\n<p>Cette initiative, men\u00e9e en collaboration avec plusieurs d\u00e9partements minist\u00e9riels, permettra de simplifier et acc\u00e9l\u00e9rer l\u2019obtention de documents essentiels : actes d\u2019\u00e9tat civil, pi\u00e8ces d\u2019identit\u00e9, certificat de r\u00e9sidence, s\u00e9curit\u00e9 sociale, grosses de jugement, cartes de priorit\u00e9, entre autres.<\/p>\n<p>\u00c0 travers cette action, le Gouvernement renforce la coordination entre les services publics et rapproche l\u2019administration des citoyens afin de garantir un acc\u00e8s \u00e9quitable aux droits fondamentaux, en coh\u00e9rence avec la vision port\u00e9e par le G\u00e9n\u00e9ral d\u2019Arm\u00e9e Assimi Go\u00efta.<\/p>\n<p>&nbsp;<\/p>\n<p>*#DroitsDesFemmes #Inclusion #ServicesPublics #Mali.*<\/p>\n<p><img loading=\"lazy\" decoding=\"async\" class=\"alignleft size-medium wp-image-11906\" src=\"http:\/\/mpfef.gouv.ml\/wp-content\/uploads\/2026\/03\/FB_IMG_1773091797083-300x200.jpg\" alt=\"\" width=\"300\" height=\"200\" srcset=\"https:\/\/mpfef.gouv.ml\/wp-content\/uploads\/2026\/03\/FB_IMG_1773091797083-300x200.jpg 300w, https:\/\/mpfef.gouv.ml\/wp-content\/uploads\/2026\/03\/FB_IMG_1773091797083-1024x682.jpg 1024w, https:\/\/mpfef.gouv.ml\/wp-content\/uploads\/2026\/03\/FB_IMG_1773091797083-768x512.jpg 768w, https:\/\/mpfef.gouv.ml\/wp-content\/uploads\/2026\/03\/FB_IMG_1773091797083.jpg 1280w\" sizes=\"auto, (max-width: 300px) 100vw, 300px\" \/> <img loading=\"lazy\" decoding=\"async\" class=\"alignleft size-medium wp-image-11907\" src=\"http:\/\/mpfef.gouv.ml\/wp-content\/uploads\/2026\/03\/FB_IMG_1773091800603-300x200.jpg\" alt=\"\" width=\"300\" height=\"200\" srcset=\"https:\/\/mpfef.gouv.ml\/wp-content\/uploads\/2026\/03\/FB_IMG_1773091800603-300x200.jpg 300w, https:\/\/mpfef.gouv.ml\/wp-content\/uploads\/2026\/03\/FB_IMG_1773091800603-1024x682.jpg 1024w, https:\/\/mpfef.gouv.ml\/wp-content\/uploads\/2026\/03\/FB_IMG_1773091800603-768x512.jpg 768w, https:\/\/mpfef.gouv.ml\/wp-content\/uploads\/2026\/03\/FB_IMG_1773091800603.jpg 1280w\" sizes=\"auto, (max-width: 300px) 100vw, 300px\" \/> <img loading=\"lazy\" decoding=\"async\" class=\"alignleft size-medium wp-image-11908\" src=\"http:\/\/mpfef.gouv.ml\/wp-content\/uploads\/2026\/03\/FB_IMG_1773091803342-300x200.jpg\" alt=\"\" width=\"300\" height=\"200\" srcset=\"https:\/\/mpfef.gouv.ml\/wp-content\/uploads\/2026\/03\/FB_IMG_1773091803342-300x200.jpg 300w, https:\/\/mpfef.gouv.ml\/wp-content\/uploads\/2026\/03\/FB_IMG_1773091803342-1024x682.jpg 1024w, https:\/\/mpfef.gouv.ml\/wp-content\/uploads\/2026\/03\/FB_IMG_1773091803342-768x512.jpg 768w, https:\/\/mpfef.gouv.ml\/wp-content\/uploads\/2026\/03\/FB_IMG_1773091803342.jpg 1280w\" sizes=\"auto, (max-width: 300px) 100vw, 300px\" \/> <img loading=\"lazy\" decoding=\"async\" class=\"alignleft size-medium wp-image-11909\" src=\"http:\/\/mpfef.gouv.ml\/wp-content\/uploads\/2026\/03\/FB_IMG_1773091806061-300x200.jpg\" alt=\"\" width=\"300\" height=\"200\" srcset=\"https:\/\/mpfef.gouv.ml\/wp-content\/uploads\/2026\/03\/FB_IMG_1773091806061-300x200.jpg 300w, https:\/\/mpfef.gouv.ml\/wp-content\/uploads\/2026\/03\/FB_IMG_1773091806061-1024x682.jpg 1024w, https:\/\/mpfef.gouv.ml\/wp-content\/uploads\/2026\/03\/FB_IMG_1773091806061-768x512.jpg 768w, https:\/\/mpfef.gouv.ml\/wp-content\/uploads\/2026\/03\/FB_IMG_1773091806061.jpg 1280w\" sizes=\"auto, (max-width: 300px) 100vw, 300px\" \/><\/p>\n<p>CCOM\/MPFEF<\/p>\n","protected":false},"excerpt":{"rendered":"<p>*Acc\u00e8s aux documents administratifs civils:* un pas important pour les femmes et les enfants<\/p>\n<p>Mme Diarra Dj\u00e9n\u00e9ba Sanogo, Ministre de la Promotion de la Femme, de l\u2019Enfant et de la Famille, a proc\u00e9d\u00e9 \u00e0 la signature d\u2019un protocole interminist\u00e9riel visant \u00e0 faciliter l\u2019acc\u00e8s des femmes et des enfants aux documents administratifs civils.<\/p>\n<p>Cette initiative,<\/p>\n","protected":false},"author":4,"featured_media":11906,"comment_status":"open","ping_status":"open","sticky":false,"template":"","format":"standard","meta":{"_monsterinsights_skip_tracking":false,"_monsterinsights_sitenote_active":false,"_monsterinsights_sitenote_note":"","_monsterinsights_sitenote_category":0,"footnotes":""},"categories":[2],"tags":[],"class_list":["post-11905","post","type-post","status-publish","format-standard","has-post-thumbnail","hentry","category-actualites-des-structures"],"aioseo_notices":[],"_links":{"self":[{"href":"https:\/\/mpfef.gouv.ml\/index.php\/wp-json\/wp\/v2\/posts\/11905","targetHints":{"allow":["GET"]}}],"collection":[{"href":"https:\/\/mpfef.gouv.ml\/index.php\/wp-json\/wp\/v2\/posts"}],"about":[{"href":"https:\/\/mpfef.gouv.ml\/index.php\/wp-json\/wp\/v2\/types\/post"}],"author":[{"embeddable":true,"href":"https:\/\/mpfef.gouv.ml\/index.php\/wp-json\/wp\/v2\/users\/4"}],"replies":[{"embeddable":true,"href":"https:\/\/mpfef.gouv.ml\/index.php\/wp-json\/wp\/v2\/comments?post=11905"}],"version-history":[{"count":1,"href":"https:\/\/mpfef.gouv.ml\/index.php\/wp-json\/wp\/v2\/posts\/11905\/revisions"}],"predecessor-version":[{"id":11910,"href":"https:\/\/mpfef.gouv.ml\/index.php\/wp-json\/wp\/v2\/posts\/11905\/revisions\/11910"}],"wp:featuredmedia":[{"embeddable":true,"href":"https:\/\/mpfef.gouv.ml\/index.php\/wp-json\/wp\/v2\/media\/11906"}],"wp:attachment":[{"href":"https:\/\/mpfef.gouv.ml\/index.php\/wp-json\/wp\/v2\/media?parent=11905"}],"wp:term":[{"taxonomy":"category","embeddable":true,"href":"https:\/\/mpfef.gouv.ml\/index.php\/wp-json\/wp\/v2\/categories?post=11905"},{"taxonomy":"post_tag","embeddable":true,"href":"https:\/\/mpfef.gouv.ml\/index.php\/wp-json\/wp\/v2\/tags?post=11905"}],"curies":[{"name":"wp","href":"https:\/\/api.w.org\/{rel}","templated":true}]}}