{"id":11920,"date":"2026-03-11T14:38:03","date_gmt":"2026-03-11T13:38:03","guid":{"rendered":"https:\/\/mpfef.gouv.ml\/?p=11920"},"modified":"2026-03-11T14:38:03","modified_gmt":"2026-03-11T13:38:03","slug":"8-mars-placee-sous-le-theme-droits-des-femmes-et-des-filles-agir-pour-un-avenir-sur-et-equitable-dans-un-mali-resilient-unifie-et-souverain","status":"publish","type":"post","link":"https:\/\/mpfef.gouv.ml\/index.php\/2026\/03\/11\/8-mars-placee-sous-le-theme-droits-des-femmes-et-des-filles-agir-pour-un-avenir-sur-et-equitable-dans-un-mali-resilient-unifie-et-souverain\/","title":{"rendered":"8 Mars, plac\u00e9e sous le th\u00e8me : \u00ab Droits des femmes et des filles : agir pour un avenir s\u00fbr et \u00e9quitable dans un Mali r\u00e9silient, unifi\u00e9 et souverain \u00bb"},"content":{"rendered":"<p>Bandiagara<\/p>\n<p>Le 8 mars 2026, Bandiagara a accueilli la c\u00e9r\u00e9monie officielle de la Journ\u00e9e internationale des droits des femmes, pr\u00e9sid\u00e9e par le Premier ministre, le G\u00e9n\u00e9ral de Division Abdoulaye Ma\u00efga, en pr\u00e9sence de Mme Diarra Dj\u00e9n\u00e9ba Sanogo, Ministre de la Promotion de la Femme, de l\u2019Enfant et de la Famille, ainsi que de plusieurs membres du Gouvernement, partenaires et organisations f\u00e9minines.<\/p>\n<p>Plac\u00e9e sous le th\u00e8me : \u00ab Droits des femmes et des filles : agir pour un avenir s\u00fbr et \u00e9quitable dans un Mali r\u00e9silient, unifi\u00e9 et souverain \u00bb, cette c\u00e9l\u00e9bration a \u00e9t\u00e9 un moment fort de mobilisation en faveur de l\u2019\u00e9galit\u00e9 et de la promotion des droits des femmes.<\/p>\n<p>La c\u00e9r\u00e9monie a \u00e9galement \u00e9t\u00e9 marqu\u00e9e par la remise d\u2019attestations de reconnaissance \u00e0 des femmes leaders de la r\u00e9gion, en hommage \u00e0 leur engagement et \u00e0 leur contribution au d\u00e9veloppement et \u00e0 la coh\u00e9sion sociale.<\/p>\n<p>\u2728 Hommage aux femmes maliennes, piliers de la famille et actrices du d\u00e9veloppement.<\/p>\n<p><img loading=\"lazy\" decoding=\"async\" class=\"alignleft size-medium wp-image-11921\" src=\"http:\/\/mpfef.gouv.ml\/wp-content\/uploads\/2026\/03\/FB_IMG_1773162404254-300x225.jpg\" alt=\"\" width=\"300\" height=\"225\" srcset=\"https:\/\/mpfef.gouv.ml\/wp-content\/uploads\/2026\/03\/FB_IMG_1773162404254-300x225.jpg 300w, https:\/\/mpfef.gouv.ml\/wp-content\/uploads\/2026\/03\/FB_IMG_1773162404254-768x576.jpg 768w, https:\/\/mpfef.gouv.ml\/wp-content\/uploads\/2026\/03\/FB_IMG_1773162404254.jpg 1000w\" sizes=\"auto, (max-width: 300px) 100vw, 300px\" \/> <img loading=\"lazy\" decoding=\"async\" class=\"alignleft size-medium wp-image-11922\" src=\"http:\/\/mpfef.gouv.ml\/wp-content\/uploads\/2026\/03\/FB_IMG_1773162399901-300x200.jpg\" alt=\"\" width=\"300\" height=\"200\" srcset=\"https:\/\/mpfef.gouv.ml\/wp-content\/uploads\/2026\/03\/FB_IMG_1773162399901-300x200.jpg 300w, https:\/\/mpfef.gouv.ml\/wp-content\/uploads\/2026\/03\/FB_IMG_1773162399901-1024x683.jpg 1024w, https:\/\/mpfef.gouv.ml\/wp-content\/uploads\/2026\/03\/FB_IMG_1773162399901-768x512.jpg 768w, https:\/\/mpfef.gouv.ml\/wp-content\/uploads\/2026\/03\/FB_IMG_1773162399901.jpg 1280w\" sizes=\"auto, (max-width: 300px) 100vw, 300px\" \/> <img loading=\"lazy\" decoding=\"async\" class=\"alignleft size-medium wp-image-11923\" src=\"http:\/\/mpfef.gouv.ml\/wp-content\/uploads\/2026\/03\/FB_IMG_1773162396482-300x200.jpg\" alt=\"\" width=\"300\" height=\"200\" srcset=\"https:\/\/mpfef.gouv.ml\/wp-content\/uploads\/2026\/03\/FB_IMG_1773162396482-300x200.jpg 300w, https:\/\/mpfef.gouv.ml\/wp-content\/uploads\/2026\/03\/FB_IMG_1773162396482-1024x683.jpg 1024w, https:\/\/mpfef.gouv.ml\/wp-content\/uploads\/2026\/03\/FB_IMG_1773162396482-768x512.jpg 768w, https:\/\/mpfef.gouv.ml\/wp-content\/uploads\/2026\/03\/FB_IMG_1773162396482.jpg 1080w\" sizes=\"auto, (max-width: 300px) 100vw, 300px\" \/> <img loading=\"lazy\" decoding=\"async\" class=\"alignleft size-medium wp-image-11924\" src=\"http:\/\/mpfef.gouv.ml\/wp-content\/uploads\/2026\/03\/FB_IMG_1773162386907-300x225.jpg\" alt=\"\" width=\"300\" height=\"225\" srcset=\"https:\/\/mpfef.gouv.ml\/wp-content\/uploads\/2026\/03\/FB_IMG_1773162386907-300x225.jpg 300w, https:\/\/mpfef.gouv.ml\/wp-content\/uploads\/2026\/03\/FB_IMG_1773162386907-768x576.jpg 768w, https:\/\/mpfef.gouv.ml\/wp-content\/uploads\/2026\/03\/FB_IMG_1773162386907.jpg 1000w\" sizes=\"auto, (max-width: 300px) 100vw, 300px\" \/> <img loading=\"lazy\" decoding=\"async\" class=\"alignleft size-medium wp-image-11925\" src=\"http:\/\/mpfef.gouv.ml\/wp-content\/uploads\/2026\/03\/FB_IMG_1773162382913-300x200.jpg\" alt=\"\" width=\"300\" height=\"200\" srcset=\"https:\/\/mpfef.gouv.ml\/wp-content\/uploads\/2026\/03\/FB_IMG_1773162382913-300x200.jpg 300w, https:\/\/mpfef.gouv.ml\/wp-content\/uploads\/2026\/03\/FB_IMG_1773162382913-1024x683.jpg 1024w, https:\/\/mpfef.gouv.ml\/wp-content\/uploads\/2026\/03\/FB_IMG_1773162382913-768x512.jpg 768w, https:\/\/mpfef.gouv.ml\/wp-content\/uploads\/2026\/03\/FB_IMG_1773162382913.jpg 1080w\" sizes=\"auto, (max-width: 300px) 100vw, 300px\" \/> <img loading=\"lazy\" decoding=\"async\" class=\"alignleft size-medium wp-image-11926\" src=\"http:\/\/mpfef.gouv.ml\/wp-content\/uploads\/2026\/03\/FB_IMG_1773162377992-300x200.jpg\" alt=\"\" width=\"300\" height=\"200\" srcset=\"https:\/\/mpfef.gouv.ml\/wp-content\/uploads\/2026\/03\/FB_IMG_1773162377992-300x200.jpg 300w, https:\/\/mpfef.gouv.ml\/wp-content\/uploads\/2026\/03\/FB_IMG_1773162377992-1024x683.jpg 1024w, https:\/\/mpfef.gouv.ml\/wp-content\/uploads\/2026\/03\/FB_IMG_1773162377992-768x512.jpg 768w, https:\/\/mpfef.gouv.ml\/wp-content\/uploads\/2026\/03\/FB_IMG_1773162377992.jpg 1080w\" sizes=\"auto, (max-width: 300px) 100vw, 300px\" \/> <img loading=\"lazy\" decoding=\"async\" class=\"alignleft size-medium wp-image-11927\" src=\"http:\/\/mpfef.gouv.ml\/wp-content\/uploads\/2026\/03\/FB_IMG_1773162374501-300x225.jpg\" alt=\"\" width=\"300\" height=\"225\" srcset=\"https:\/\/mpfef.gouv.ml\/wp-content\/uploads\/2026\/03\/FB_IMG_1773162374501-300x225.jpg 300w, https:\/\/mpfef.gouv.ml\/wp-content\/uploads\/2026\/03\/FB_IMG_1773162374501-768x576.jpg 768w, https:\/\/mpfef.gouv.ml\/wp-content\/uploads\/2026\/03\/FB_IMG_1773162374501.jpg 1000w\" sizes=\"auto, (max-width: 300px) 100vw, 300px\" \/> <img loading=\"lazy\" decoding=\"async\" class=\"alignleft size-medium wp-image-11928\" src=\"http:\/\/mpfef.gouv.ml\/wp-content\/uploads\/2026\/03\/FB_IMG_1773162371113-300x200.jpg\" alt=\"\" width=\"300\" height=\"200\" srcset=\"https:\/\/mpfef.gouv.ml\/wp-content\/uploads\/2026\/03\/FB_IMG_1773162371113-300x200.jpg 300w, https:\/\/mpfef.gouv.ml\/wp-content\/uploads\/2026\/03\/FB_IMG_1773162371113-1024x683.jpg 1024w, https:\/\/mpfef.gouv.ml\/wp-content\/uploads\/2026\/03\/FB_IMG_1773162371113-768x512.jpg 768w, https:\/\/mpfef.gouv.ml\/wp-content\/uploads\/2026\/03\/FB_IMG_1773162371113.jpg 1080w\" sizes=\"auto, (max-width: 300px) 100vw, 300px\" \/> <img loading=\"lazy\" decoding=\"async\" class=\"alignleft size-medium wp-image-11929\" src=\"http:\/\/mpfef.gouv.ml\/wp-content\/uploads\/2026\/03\/FB_IMG_1773162362774-300x200.jpg\" alt=\"\" width=\"300\" height=\"200\" srcset=\"https:\/\/mpfef.gouv.ml\/wp-content\/uploads\/2026\/03\/FB_IMG_1773162362774-300x200.jpg 300w, https:\/\/mpfef.gouv.ml\/wp-content\/uploads\/2026\/03\/FB_IMG_1773162362774-1024x683.jpg 1024w, https:\/\/mpfef.gouv.ml\/wp-content\/uploads\/2026\/03\/FB_IMG_1773162362774-768x512.jpg 768w, https:\/\/mpfef.gouv.ml\/wp-content\/uploads\/2026\/03\/FB_IMG_1773162362774.jpg 1080w\" sizes=\"auto, (max-width: 300px) 100vw, 300px\" \/> <img loading=\"lazy\" decoding=\"async\" class=\"alignleft size-medium wp-image-11930\" src=\"http:\/\/mpfef.gouv.ml\/wp-content\/uploads\/2026\/03\/FB_IMG_1773162359379-300x200.jpg\" alt=\"\" width=\"300\" height=\"200\" srcset=\"https:\/\/mpfef.gouv.ml\/wp-content\/uploads\/2026\/03\/FB_IMG_1773162359379-300x200.jpg 300w, https:\/\/mpfef.gouv.ml\/wp-content\/uploads\/2026\/03\/FB_IMG_1773162359379-1024x683.jpg 1024w, https:\/\/mpfef.gouv.ml\/wp-content\/uploads\/2026\/03\/FB_IMG_1773162359379-768x512.jpg 768w, https:\/\/mpfef.gouv.ml\/wp-content\/uploads\/2026\/03\/FB_IMG_1773162359379.jpg 1080w\" sizes=\"auto, (max-width: 300px) 100vw, 300px\" \/> <img loading=\"lazy\" decoding=\"async\" class=\"alignleft size-medium wp-image-11931\" src=\"http:\/\/mpfef.gouv.ml\/wp-content\/uploads\/2026\/03\/FB_IMG_1773162356701-300x200.jpg\" alt=\"\" width=\"300\" height=\"200\" srcset=\"https:\/\/mpfef.gouv.ml\/wp-content\/uploads\/2026\/03\/FB_IMG_1773162356701-300x200.jpg 300w, https:\/\/mpfef.gouv.ml\/wp-content\/uploads\/2026\/03\/FB_IMG_1773162356701-1024x683.jpg 1024w, https:\/\/mpfef.gouv.ml\/wp-content\/uploads\/2026\/03\/FB_IMG_1773162356701-768x512.jpg 768w, https:\/\/mpfef.gouv.ml\/wp-content\/uploads\/2026\/03\/FB_IMG_1773162356701.jpg 1080w\" sizes=\"auto, (max-width: 300px) 100vw, 300px\" \/> <img loading=\"lazy\" decoding=\"async\" class=\"alignleft size-medium wp-image-11932\" src=\"http:\/\/mpfef.gouv.ml\/wp-content\/uploads\/2026\/03\/FB_IMG_1773162354048-300x219.jpg\" alt=\"\" width=\"300\" height=\"219\" srcset=\"https:\/\/mpfef.gouv.ml\/wp-content\/uploads\/2026\/03\/FB_IMG_1773162354048-300x219.jpg 300w, https:\/\/mpfef.gouv.ml\/wp-content\/uploads\/2026\/03\/FB_IMG_1773162354048-1024x747.jpg 1024w, https:\/\/mpfef.gouv.ml\/wp-content\/uploads\/2026\/03\/FB_IMG_1773162354048-768x560.jpg 768w, https:\/\/mpfef.gouv.ml\/wp-content\/uploads\/2026\/03\/FB_IMG_1773162354048.jpg 1080w\" sizes=\"auto, (max-width: 300px) 100vw, 300px\" \/> <img loading=\"lazy\" decoding=\"async\" class=\"alignleft size-medium wp-image-11933\" src=\"http:\/\/mpfef.gouv.ml\/wp-content\/uploads\/2026\/03\/FB_IMG_1773162350935-300x200.jpg\" alt=\"\" width=\"300\" height=\"200\" srcset=\"https:\/\/mpfef.gouv.ml\/wp-content\/uploads\/2026\/03\/FB_IMG_1773162350935-300x200.jpg 300w, https:\/\/mpfef.gouv.ml\/wp-content\/uploads\/2026\/03\/FB_IMG_1773162350935-1024x683.jpg 1024w, https:\/\/mpfef.gouv.ml\/wp-content\/uploads\/2026\/03\/FB_IMG_1773162350935-768x512.jpg 768w, https:\/\/mpfef.gouv.ml\/wp-content\/uploads\/2026\/03\/FB_IMG_1773162350935.jpg 1080w\" sizes=\"auto, (max-width: 300px) 100vw, 300px\" \/><\/p>\n<p>#8Mars2026 #DroitsDesFemmes #Bandiagara<\/p>\n","protected":false},"excerpt":{"rendered":"<p>Bandiagara<\/p>\n<p>Le 8 mars 2026, Bandiagara a accueilli la c\u00e9r\u00e9monie officielle de la Journ\u00e9e internationale des droits des femmes, pr\u00e9sid\u00e9e par le Premier ministre, le G\u00e9n\u00e9ral de Division Abdoulaye Ma\u00efga, en pr\u00e9sence de Mme Diarra Dj\u00e9n\u00e9ba Sanogo, Ministre de la Promotion de la Femme, de l\u2019Enfant et de la Famille, ainsi que de plusieurs membres du Gouvernement,<\/p>\n","protected":false},"author":4,"featured_media":11931,"comment_status":"open","ping_status":"open","sticky":false,"template":"","format":"standard","meta":{"_monsterinsights_skip_tracking":false,"_monsterinsights_sitenote_active":false,"_monsterinsights_sitenote_note":"","_monsterinsights_sitenote_category":0,"footnotes":""},"categories":[1],"tags":[],"class_list":["post-11920","post","type-post","status-publish","format-standard","has-post-thumbnail","hentry","category-actualites"],"aioseo_notices":[],"_links":{"self":[{"href":"https:\/\/mpfef.gouv.ml\/index.php\/wp-json\/wp\/v2\/posts\/11920","targetHints":{"allow":["GET"]}}],"collection":[{"href":"https:\/\/mpfef.gouv.ml\/index.php\/wp-json\/wp\/v2\/posts"}],"about":[{"href":"https:\/\/mpfef.gouv.ml\/index.php\/wp-json\/wp\/v2\/types\/post"}],"author":[{"embeddable":true,"href":"https:\/\/mpfef.gouv.ml\/index.php\/wp-json\/wp\/v2\/users\/4"}],"replies":[{"embeddable":true,"href":"https:\/\/mpfef.gouv.ml\/index.php\/wp-json\/wp\/v2\/comments?post=11920"}],"version-history":[{"count":1,"href":"https:\/\/mpfef.gouv.ml\/index.php\/wp-json\/wp\/v2\/posts\/11920\/revisions"}],"predecessor-version":[{"id":11934,"href":"https:\/\/mpfef.gouv.ml\/index.php\/wp-json\/wp\/v2\/posts\/11920\/revisions\/11934"}],"wp:featuredmedia":[{"embeddable":true,"href":"https:\/\/mpfef.gouv.ml\/index.php\/wp-json\/wp\/v2\/media\/11931"}],"wp:attachment":[{"href":"https:\/\/mpfef.gouv.ml\/index.php\/wp-json\/wp\/v2\/media?parent=11920"}],"wp:term":[{"taxonomy":"category","embeddable":true,"href":"https:\/\/mpfef.gouv.ml\/index.php\/wp-json\/wp\/v2\/categories?post=11920"},{"taxonomy":"post_tag","embeddable":true,"href":"https:\/\/mpfef.gouv.ml\/index.php\/wp-json\/wp\/v2\/tags?post=11920"}],"curies":[{"name":"wp","href":"https:\/\/api.w.org\/{rel}","templated":true}]}}